{"id":8065,"date":"2019-05-23T16:21:00","date_gmt":"2019-05-23T14:21:00","guid":{"rendered":"https:\/\/www.votre-chateau-de-famille.com\/?p=8065"},"modified":"2026-09-01T11:35:49","modified_gmt":"2026-09-01T09:35:49","slug":"lelysee-et-matignon-sinteressent-a-votre-chateau-de-famille","status":"publish","type":"post","link":"https:\/\/www.votre-chateau-de-famille.com\/en\/2019\/05\/23\/lelysee-et-matignon-sinteressent-a-votre-chateau-de-famille\/","title":{"rendered":"L\u2019Elys\u00e9e et Matignon s\u2019int\u00e9ressent \u00e0 Votre Ch\u00e2teau de Famille"},"content":{"rendered":"<p>Si le Palais de l\u2019Elys\u00e9e n\u2019est pas\u00a0 (malgr\u00e9 notre proposition&#8230;) le prochain ch\u00e2teau en location de Votre Ch\u00e2teau de Famille&#8230; nos rencontres nous ont donn\u00e9 l\u2019opportunit\u00e9 de pr\u00e9senter \u00e0 nos interlocuteurs notre offre atypique. Nous avons \u00e9t\u00e9 re\u00e7us \u00e0 Matignon le 26 F\u00e9vrier 2019 par Monsieur Pascal Confavreux, Conseiller technique Diplomatie \u00e9conomique et tourisme aupr\u00e8s du Premier Ministre, et au Palais de l\u2019Elys\u00e9e le 16 Mai 2019 par Madame Claudia Ferrazzi, Conseill\u00e8re culture du Pr\u00e9sident de la R\u00e9publique.<\/p>\n<p>Ce fut l\u2019occasion pour nous de mettre en exergue les nouvelles sources de valeur propres \u00e0 notre formule, de sensibiliser nos interlocuteurs aux enjeux de promouvoir notre offre \u00e0 l\u2019ombre de plateformes digitales de plus en plus puissantes, et enfin de mentionner les contraintes r\u00e9glementaires tr\u00e8s p\u00e9nalisantes pour nos ch\u00e2teaux.<\/p>\n<p>Nous avons tout d\u2019abord rappel\u00e9 que la client\u00e8le de Votre Ch\u00e2teau de Famille se compose de familles ou de groupes d\u2019amis, la famille \u00e9largie, pour des mariages \u00e9videmment, mais aussi (et c\u2019est plus original) pour des vacances ou des week-ends \u00e0 plusieurs familles amies ou des f\u00eates, des anniversaires, des cousinades&#8230;. Ce sont des familles \u00e0 revenus moyens.<\/p>\n<p>Le ch\u00e2teau, avec son parc, ses d\u00e9pendances, le plus souvent sa piscine, est lou\u00e9 en l\u2019\u00e9tat \u00e0 une personne physique, garant de son groupe pour un usage exclusif du groupe. Les familles vivent \u00ab la vie de ch\u00e2teau \u00bb en s\u2019organisant eux-m\u00eames. Cela fait partie de l\u2019exp\u00e9rience, vivre leur s\u00e9jour de mani\u00e8re autonome, cuisiner soi-m\u00eame dans la cuisine du ch\u00e2teau, s&#8217;approprier compl\u00e8tement le lieu. Le ch\u00e2teau est propos\u00e9 tel qu\u2019il est, c\u2019est-\u00e0-dire un lieu de s\u00e9jour con\u00e7u pour des grandes familles et non pour des \u00ab clients \u00bb : les peintures peuvent \u00eatre d\u00e9fra\u00eechies, il n\u2019y a pas une salle de bain par chambre &#8230; Les familles vont vivre de mani\u00e8re privative la \u00ab vie de ch\u00e2teau \u00bb dans son \u00ab jus \u00bb, avec ses biblioth\u00e8ques, ses meubles anciens, sa salle de\u00a0 billard, ses chemin\u00e9es, ses tapisseries d\u2019\u00e9poque, les jouets d\u2019enfants oubli\u00e9s dans un coin, les photos de famille sur les commodes &#8230; Elles disposent en moyenne de 1 000 m2 habitables.<\/p>\n<p>&#8211;<strong>Votre Ch\u00e2teau de Famille, une destination qui met en valeur toute la France et<\/strong> <strong>pas uniquement la C\u00f4te d\u2019Azur ou Paris.<\/strong> En effet, l\u2019attrait et la magie du ch\u00e2teau sont des facteurs d\u2019attraction plus importants que l\u2019image touristique du territoire sur lequel il est implant\u00e9. C\u2019est particuli\u00e8rement vrai pour la client\u00e8le internationale qui cherche une destination \u00ab\u00a0ch\u00e2teau en France\u00a0\u00bb. Par exemple, Votre Ch\u00e2teau de Famille attire ainsi chaque mois des clients fran\u00e7ais et \u00e9trangers \u00e0 Pamiers en Ari\u00e8ge, ou \u00e0 Marmanhac dans le Cantal.<\/p>\n<p><strong>-Une offre atypique non concurrentielle de l\u2019existant\u00a0: <\/strong>L\u2019offre Votre Ch\u00e2teau de Famille n\u2019est pas concurrente de l\u2019offre touristique existante, qu\u2019il s\u2019agisse de restaurants, d\u2019h\u00f4tels, de g\u00eetes, de r\u00e9sidences de tourisme ou de chambres d\u2019h\u00f4tes. Notre offre est diff\u00e9rente et elle r\u00e9pond \u00e0 un besoin non satisfait aujourd\u2019hui : celui de <strong>se r\u00e9unir \u00e0 une trentaine de personnes sur plusieurs jours dans un m\u00eame lieu. <\/strong>M\u00eame si nous le proposons \u00e0 la demande, nous n&#8217;imposons pas de service de restauration ou de petits d\u00e9jeuners, nous n\u2019imposons aucun traiteur, aucun prestataire, etc. Nous renvoyons le soin d\u2019organiser son s\u00e9jour \u00e0 la famille locataire. En cas de grande r\u00e9ception au ch\u00e2teau, des h\u00f4tels ou chambres d\u2019h\u00f4tes aux alentours sont propos\u00e9s pour les invit\u00e9s qui ne pourraient pas loger au ch\u00e2teau. L\u2019immersion du ch\u00e2teau dans les biotopes ruraux favorisent le plus souvent un contact avec l\u2019agriculture locale, les fermes bio, les exp\u00e9riences naturelles qui en font une offre assez proche du tourisme responsable.<\/p>\n<p><strong>La formule\u00a0Votre Ch\u00e2teau de Famille pr\u00e9sente trois int\u00e9r\u00eats majeurs :<\/strong><\/p>\n<p><strong>Pour les familles<\/strong>, une offre \u00ab\u00a0magique\u00a0\u00bb et moins ch\u00e8re ramen\u00e9e \u00e0 la personne. <strong>Le prix par personne commence \u00e0 25 \u20ac par jour<\/strong>, sur la base d\u2019un groupe \u00e0 partir de 25 personnes. La famille va vivre une exp\u00e9rience moins ch\u00e8re que celle d\u2019un centre de vacances\u00a0 standard et aura en moyenne 1000 m2 habitables, une salle pour un mariage ou une f\u00eate, un parc de plusieurs hectares privatif &#8230; Incomparable par rapport \u00e0 la privatisation d\u2019un h\u00f4tel par exemple.<\/p>\n<p><strong>Pour le propri\u00e9taire<\/strong>, la formule Votre Ch\u00e2teau de Famille lui permet de d\u00e9gager des ressources r\u00e9currentes pour entretenir son ch\u00e2teau. L\u2019exc\u00e9dent brut d\u2019exploitation d\u00e9gag\u00e9 par l\u2019activit\u00e9 de location varie selon le ch\u00e2teau, il est de l\u2019ordre de 30K\u20ac par an (pour un ch\u00e2teau qui fait 100 K\u20ac de CA). Une source de revenus qui permet au ch\u00e2telain de remettre progressivement en \u00e9tat son ch\u00e2teau et de l\u2019embellir sans recourir \u00e0 aucun argent public. Et ce, m\u00eame pour des ch\u00e2teaux situ\u00e9s dans des terroirs inconnus des guides touristiques\u00a0!<\/p>\n<p><strong>Pour le territoire (et l\u2019\u00e9conomie fran\u00e7aise),<\/strong> la formule de vie au ch\u00e2teau de Votre Ch\u00e2teau de Famille renvoie toujours les familles locataires vers l\u2019\u00e9conomie locale pour subvenir \u00e0 leurs besoins de nourriture, d\u00e9placements, f\u00eates (traiteurs, photographes&#8230;). La dur\u00e9e moyenne du s\u00e9jour dans nos 30 ch\u00e2teaux est de 5 jours. Pour un ch\u00e2teau qui fait 100 K\u20ac de CA, ce sont 700 K\u20ac qui sont ainsi d\u00e9pens\u00e9s localement par les familles et par ch\u00e2teau. A ce montant, il faut rajouter les travaux de remise en \u00e9tat, embellissement, effectu\u00e9s par le propri\u00e9taire gr\u00e2ce \u00e0 la marge d\u00e9gag\u00e9e par son activit\u00e9.<br \/>\nAu niveau national, la formule Votre Ch\u00e2teau de Famille signifie une dynamisation du tourisme national, \u00ab staycation \u00bb, sur tout le territoire fran\u00e7ais, y compris les localit\u00e9s rurales les plus recul\u00e9es.<br \/>\nAu niveau international, elle signifie le d\u00e9veloppement d\u2019une forme de tourisme exploitant de mani\u00e8re innovante une \u00ab exception culturelle fran\u00e7aise \u00bb : <strong>son offre exceptionnelle de ch\u00e2teaux enracin\u00e9s dans ses terroirs. <\/strong>Une trentaine de ch\u00e2teaux sont aujourd\u2019hui membres du r\u00e9seau Votre Ch\u00e2teau de Famille. Le potentiel restant \u00e0 exploiter est \u00e9norme. La France offre la plus grande densit\u00e9 de ch\u00e2teaux au monde, entre 100 et 500 ch\u00e2teaux dans chaque d\u00e9partement. Et chaque territoire abrite une telle richesse de supports d\u2019exp\u00e9riences que la seule limite en est plut\u00f4t la capacit\u00e9 et l\u2019envie de chaque famille d\u2019en tirer par elle-m\u00eame mati\u00e8re et\u00a0 en faire une le\u00e7on de vie.[action full_width=&#8221;yes&#8221; content_in_grid=&#8221;yes&#8221; type=&#8221;normal&#8221; text_font_weight=&#8221;&#8221; show_button=&#8221;yes&#8221; button_text=&#8221;D\u00e9couvrir nos ch\u00e2teaux&#8221; button_link=&#8221;https:\/\/www.votre-chateau-de-famille.com\/&#8221;]Envie de d\u00e9couvrir nos ch\u00e2teaux\u00a0 ?[\/action]<\/p>\n","protected":false},"excerpt":{"rendered":"<p>Votre Ch\u00e2teau de Famille a \u00e9t\u00e9 re\u00e7u \u00e0 Matignon et \u00e0 l\u2019Elys\u00e9e. Ce fut l\u2019occasion pour nous de mettre en exergue les nouvelles sources de valeur propre \u00e0 notre formule, de sensibiliser nos interlocuteurs aux enjeux de promouvoir notre offre \u00e0 l\u2019ombre de plateformes digitales de plus en plus puissantes, et enfin de mentionner les contraintes r\u00e9glementaires tr\u00e8s p\u00e9nalisantes pour nos ch\u00e2teaux.<\/p>\n","protected":false},"author":1,"featured_media":11316,"comment_status":"closed","ping_status":"closed","sticky":false,"template":"","format":"standard","meta":{"_acf_changed":false,"_et_pb_use_builder":"","_et_pb_old_content":"","_et_gb_content_width":"","footnotes":""},"categories":[273,1],"tags":[],"dipi_cpt_category":[],"class_list":["post-8065","post","type-post","status-publish","format-standard","has-post-thumbnail","hentry","category-art-de-vivre","category-experiences"],"acf":[],"yoast_head":"<!-- This site is optimized with the Yoast SEO Premium plugin v28.3 (Yoast SEO v28.3) - https:\/\/yoast.com\/product\/yoast-seo-premium-wordpress\/ -->\n<title>Votre Ch\u00e2teau de Famille : l&#039;\u00e9quipe re\u00e7ue \u00e0 l&#039;Elys\u00e9e !<\/title>\n<meta name=\"description\" content=\"Catherine et Herv\u00e9 Gasiglia de Votre Ch\u00e2teau de Famille ont \u00e9t\u00e9 re\u00e7us en 2019 \u00e0 Matignon et au Palais de l\u2019Elys\u00e9e. Ils ont rencontr\u00e9 Pascal Confavreux, Conseiller technique Diplomatie \u00e9conomique et tourisme aupr\u00e8s du Premier Ministre, et Claudia Ferrazzi, Conseill\u00e8re culture du Pr\u00e9sident de la R\u00e9publique. Ils ont pr\u00e9sent\u00e9 leur activit\u00e9 de location de Ch\u00e2teaux et ses b\u00e9n\u00e9fices : entretien et mise en valeur du patrimoine, dynamisme culturel et \u00e9conomique.\" \/>\n<meta name=\"robots\" content=\"index, follow, max-snippet:-1, max-image-preview:large, max-video-preview:-1\" \/>\n<link rel=\"canonical\" href=\"https:\/\/www.votre-chateau-de-famille.com\/en\/2019\/05\/23\/lelysee-et-matignon-sinteressent-a-votre-chateau-de-famille\/\" \/>\n<meta property=\"og:locale\" content=\"en_US\" \/>\n<meta property=\"og:type\" content=\"article\" \/>\n<meta property=\"og:title\" content=\"L\u2019Elys\u00e9e et Matignon s\u2019int\u00e9ressent \u00e0 Votre Ch\u00e2teau de Famille\" \/>\n<meta property=\"og:description\" content=\"Catherine et Herv\u00e9 Gasiglia de Votre Ch\u00e2teau de Famille ont \u00e9t\u00e9 re\u00e7us en 2019 \u00e0 Matignon et au Palais de l\u2019Elys\u00e9e. Ils ont rencontr\u00e9 Pascal Confavreux, Conseiller technique Diplomatie \u00e9conomique et tourisme aupr\u00e8s du Premier Ministre, et Claudia Ferrazzi, Conseill\u00e8re culture du Pr\u00e9sident de la R\u00e9publique. Ils ont pr\u00e9sent\u00e9 leur activit\u00e9 de location de Ch\u00e2teaux et ses b\u00e9n\u00e9fices : entretien et mise en valeur du patrimoine, dynamisme culturel et \u00e9conomique.\" \/>\n<meta property=\"og:url\" content=\"https:\/\/www.votre-chateau-de-famille.com\/en\/2019\/05\/23\/lelysee-et-matignon-sinteressent-a-votre-chateau-de-famille\/\" \/>\n<meta property=\"og:site_name\" content=\"Votre Chateau de Famille\" \/>\n<meta property=\"article:publisher\" content=\"https:\/\/www.facebook.com\/votrechateaudefamille\/\" \/>\n<meta property=\"article:published_time\" content=\"2019-05-23T14:21:00+00:00\" \/>\n<meta property=\"article:modified_time\" content=\"2026-09-01T09:35:49+00:00\" \/>\n<meta property=\"og:image\" content=\"https:\/\/www.votre-chateau-de-famille.com\/wp-content\/uploads\/2019\/05\/Herve_Cat1-800x600-1.jpg\" \/>\n\t<meta property=\"og:image:width\" content=\"800\" \/>\n\t<meta property=\"og:image:height\" content=\"600\" \/>\n\t<meta property=\"og:image:type\" content=\"image\/jpeg\" \/>\n<meta name=\"author\" content=\"Votre ch\u00e2teau de famille\" \/>\n<meta name=\"twitter:card\" content=\"summary_large_image\" \/>\n<meta name=\"twitter:label1\" content=\"Written by\" \/>\n\t<meta name=\"twitter:data1\" content=\"Votre ch\u00e2teau de famille\" \/>\n\t<meta name=\"twitter:label2\" content=\"Est. reading time\" \/>\n\t<meta name=\"twitter:data2\" content=\"6 minutes\" \/>\n<script type=\"application\/ld+json\" class=\"yoast-schema-graph\">{\"@context\":\"https:\\\/\\\/schema.org\",\"@graph\":[{\"@type\":\"Article\",\"@id\":\"https:\\\/\\\/www.votre-chateau-de-famille.com\\\/en\\\/2019\\\/05\\\/23\\\/lelysee-et-matignon-sinteressent-a-votre-chateau-de-famille\\\/#article\",\"isPartOf\":{\"@id\":\"https:\\\/\\\/www.votre-chateau-de-famille.com\\\/en\\\/2019\\\/05\\\/23\\\/lelysee-et-matignon-sinteressent-a-votre-chateau-de-famille\\\/\"},\"author\":{\"name\":\"Votre ch\u00e2teau de famille\",\"@id\":\"https:\\\/\\\/www.votre-chateau-de-famille.com\\\/en\\\/#\\\/schema\\\/person\\\/3275000062c75f85bfcc5646604bcc49\"},\"headline\":\"L\u2019Elys\u00e9e et Matignon s\u2019int\u00e9ressent \u00e0 Votre Ch\u00e2teau de Famille\",\"datePublished\":\"2019-05-23T14:21:00+00:00\",\"dateModified\":\"2026-09-01T09:35:49+00:00\",\"mainEntityOfPage\":{\"@id\":\"https:\\\/\\\/www.votre-chateau-de-famille.com\\\/en\\\/2019\\\/05\\\/23\\\/lelysee-et-matignon-sinteressent-a-votre-chateau-de-famille\\\/\"},\"wordCount\":1180,\"publisher\":{\"@id\":\"https:\\\/\\\/www.votre-chateau-de-famille.com\\\/en\\\/#organization\"},\"image\":{\"@id\":\"https:\\\/\\\/www.votre-chateau-de-famille.com\\\/en\\\/2019\\\/05\\\/23\\\/lelysee-et-matignon-sinteressent-a-votre-chateau-de-famille\\\/#primaryimage\"},\"thumbnailUrl\":\"https:\\\/\\\/www.votre-chateau-de-famille.com\\\/wp-content\\\/uploads\\\/2019\\\/05\\\/Herve_Cat1-800x600-1.jpg\",\"articleSection\":[\"Art de vivre\",\"Exp\u00e9riences\"],\"inLanguage\":\"en-US\"},{\"@type\":\"WebPage\",\"@id\":\"https:\\\/\\\/www.votre-chateau-de-famille.com\\\/en\\\/2019\\\/05\\\/23\\\/lelysee-et-matignon-sinteressent-a-votre-chateau-de-famille\\\/\",\"url\":\"https:\\\/\\\/www.votre-chateau-de-famille.com\\\/en\\\/2019\\\/05\\\/23\\\/lelysee-et-matignon-sinteressent-a-votre-chateau-de-famille\\\/\",\"name\":\"Votre Ch\u00e2teau de Famille : l'\u00e9quipe re\u00e7ue \u00e0 l'Elys\u00e9e !\",\"isPartOf\":{\"@id\":\"https:\\\/\\\/www.votre-chateau-de-famille.com\\\/en\\\/#website\"},\"primaryImageOfPage\":{\"@id\":\"https:\\\/\\\/www.votre-chateau-de-famille.com\\\/en\\\/2019\\\/05\\\/23\\\/lelysee-et-matignon-sinteressent-a-votre-chateau-de-famille\\\/#primaryimage\"},\"image\":{\"@id\":\"https:\\\/\\\/www.votre-chateau-de-famille.com\\\/en\\\/2019\\\/05\\\/23\\\/lelysee-et-matignon-sinteressent-a-votre-chateau-de-famille\\\/#primaryimage\"},\"thumbnailUrl\":\"https:\\\/\\\/www.votre-chateau-de-famille.com\\\/wp-content\\\/uploads\\\/2019\\\/05\\\/Herve_Cat1-800x600-1.jpg\",\"datePublished\":\"2019-05-23T14:21:00+00:00\",\"dateModified\":\"2026-09-01T09:35:49+00:00\",\"description\":\"Catherine et Herv\u00e9 Gasiglia de Votre Ch\u00e2teau de Famille ont \u00e9t\u00e9 re\u00e7us en 2019 \u00e0 Matignon et au Palais de l\u2019Elys\u00e9e. Ils ont rencontr\u00e9 Pascal Confavreux, Conseiller technique Diplomatie \u00e9conomique et tourisme aupr\u00e8s du Premier Ministre, et Claudia Ferrazzi, Conseill\u00e8re culture du Pr\u00e9sident de la R\u00e9publique. Ils ont pr\u00e9sent\u00e9 leur activit\u00e9 de location de Ch\u00e2teaux et ses b\u00e9n\u00e9fices : entretien et mise en valeur du patrimoine, dynamisme culturel et \u00e9conomique.\",\"breadcrumb\":{\"@id\":\"https:\\\/\\\/www.votre-chateau-de-famille.com\\\/en\\\/2019\\\/05\\\/23\\\/lelysee-et-matignon-sinteressent-a-votre-chateau-de-famille\\\/#breadcrumb\"},\"inLanguage\":\"en-US\",\"potentialAction\":[{\"@type\":\"ReadAction\",\"target\":[\"https:\\\/\\\/www.votre-chateau-de-famille.com\\\/en\\\/2019\\\/05\\\/23\\\/lelysee-et-matignon-sinteressent-a-votre-chateau-de-famille\\\/\"]}]},{\"@type\":\"ImageObject\",\"inLanguage\":\"en-US\",\"@id\":\"https:\\\/\\\/www.votre-chateau-de-famille.com\\\/en\\\/2019\\\/05\\\/23\\\/lelysee-et-matignon-sinteressent-a-votre-chateau-de-famille\\\/#primaryimage\",\"url\":\"https:\\\/\\\/www.votre-chateau-de-famille.com\\\/wp-content\\\/uploads\\\/2019\\\/05\\\/Herve_Cat1-800x600-1.jpg\",\"contentUrl\":\"https:\\\/\\\/www.votre-chateau-de-famille.com\\\/wp-content\\\/uploads\\\/2019\\\/05\\\/Herve_Cat1-800x600-1.jpg\",\"width\":800,\"height\":600},{\"@type\":\"BreadcrumbList\",\"@id\":\"https:\\\/\\\/www.votre-chateau-de-famille.com\\\/en\\\/2019\\\/05\\\/23\\\/lelysee-et-matignon-sinteressent-a-votre-chateau-de-famille\\\/#breadcrumb\",\"itemListElement\":[{\"@type\":\"ListItem\",\"position\":1,\"name\":\"Accueil\",\"item\":\"https:\\\/\\\/www.votre-chateau-de-famille.com\\\/en\\\/\"},{\"@type\":\"ListItem\",\"position\":2,\"name\":\"L\u2019Elys\u00e9e et Matignon s\u2019int\u00e9ressent \u00e0 Votre Ch\u00e2teau de Famille\"}]},{\"@type\":\"WebSite\",\"@id\":\"https:\\\/\\\/www.votre-chateau-de-famille.com\\\/en\\\/#website\",\"url\":\"https:\\\/\\\/www.votre-chateau-de-famille.com\\\/en\\\/\",\"name\":\"Votre Chateau de Famille\",\"description\":\"Location de ch\u00e2teaux, domaines et manoirs habit\u00e9s en France, pour vos mariages, vacances, week-ends et s\u00e9minaires d\u2019entreprise\",\"publisher\":{\"@id\":\"https:\\\/\\\/www.votre-chateau-de-famille.com\\\/en\\\/#organization\"},\"potentialAction\":[{\"@type\":\"SearchAction\",\"target\":{\"@type\":\"EntryPoint\",\"urlTemplate\":\"https:\\\/\\\/www.votre-chateau-de-famille.com\\\/en\\\/?s={search_term_string}\"},\"query-input\":{\"@type\":\"PropertyValueSpecification\",\"valueRequired\":true,\"valueName\":\"search_term_string\"}}],\"inLanguage\":\"en-US\"},{\"@type\":\"Organization\",\"@id\":\"https:\\\/\\\/www.votre-chateau-de-famille.com\\\/en\\\/#organization\",\"name\":\"Votre Ch\u00e2teau de Famille\",\"url\":\"https:\\\/\\\/www.votre-chateau-de-famille.com\\\/en\\\/\",\"logo\":{\"@type\":\"ImageObject\",\"inLanguage\":\"en-US\",\"@id\":\"https:\\\/\\\/www.votre-chateau-de-famille.com\\\/en\\\/#\\\/schema\\\/logo\\\/image\\\/\",\"url\":\"https:\\\/\\\/www.votre-chateau-de-famille.com\\\/wp-content\\\/uploads\\\/2026\\\/08\\\/VCF-2000-x-2000-Black.png\",\"contentUrl\":\"https:\\\/\\\/www.votre-chateau-de-famille.com\\\/wp-content\\\/uploads\\\/2026\\\/08\\\/VCF-2000-x-2000-Black.png\",\"width\":2000,\"height\":2000,\"caption\":\"Votre Ch\u00e2teau de Famille\"},\"image\":{\"@id\":\"https:\\\/\\\/www.votre-chateau-de-famille.com\\\/en\\\/#\\\/schema\\\/logo\\\/image\\\/\"},\"sameAs\":[\"https:\\\/\\\/www.facebook.com\\\/votrechateaudefamille\\\/\",\"https:\\\/\\\/www.instagram.com\\\/votrechateaudefamille\\\/\",\"https:\\\/\\\/www.linkedin.com\\\/company\\\/votre-chateau-de-famille\\\/\"],\"email\":\"contact@votre-chateau-de-famille.com\",\"legalName\":\"Votre Ch\u00e2teau de Famille\",\"numberOfEmployees\":{\"@type\":\"QuantitativeValue\",\"minValue\":\"1\",\"maxValue\":\"10\"},\"publishingPrinciples\":\"https:\\\/\\\/www.votre-chateau-de-famille.com\\\/qui-sommes-nous\\\/\",\"ownershipFundingInfo\":\"https:\\\/\\\/www.votre-chateau-de-famille.com\\\/qui-sommes-nous\\\/\",\"actionableFeedbackPolicy\":\"https:\\\/\\\/www.votre-chateau-de-famille.com\\\/conditions-generales-dutilisation\\\/\",\"correctionsPolicy\":\"https:\\\/\\\/www.votre-chateau-de-famille.com\\\/conditions-generales-dutilisation\\\/\",\"ethicsPolicy\":\"https:\\\/\\\/www.votre-chateau-de-famille.com\\\/charte-de-non-discrimination\\\/\",\"diversityPolicy\":\"https:\\\/\\\/www.votre-chateau-de-famille.com\\\/charte-de-non-discrimination\\\/\"},{\"@type\":\"Person\",\"@id\":\"https:\\\/\\\/www.votre-chateau-de-famille.com\\\/en\\\/#\\\/schema\\\/person\\\/3275000062c75f85bfcc5646604bcc49\",\"name\":\"Votre ch\u00e2teau de famille\",\"image\":{\"@type\":\"ImageObject\",\"inLanguage\":\"en-US\",\"@id\":\"https:\\\/\\\/secure.gravatar.com\\\/avatar\\\/003c61453d4d1a4e2c681a3ef0a111d490b9310432dc8c667b0924dca7d7f2a8?s=96&d=mm&r=g\",\"url\":\"https:\\\/\\\/secure.gravatar.com\\\/avatar\\\/003c61453d4d1a4e2c681a3ef0a111d490b9310432dc8c667b0924dca7d7f2a8?s=96&d=mm&r=g\",\"contentUrl\":\"https:\\\/\\\/secure.gravatar.com\\\/avatar\\\/003c61453d4d1a4e2c681a3ef0a111d490b9310432dc8c667b0924dca7d7f2a8?s=96&d=mm&r=g\",\"caption\":\"Votre ch\u00e2teau de famille\"}}]}<\/script>\n<!-- \/ Yoast SEO Premium plugin. -->","yoast_head_json":{"title":"Votre Ch\u00e2teau de Famille : l'\u00e9quipe re\u00e7ue \u00e0 l'Elys\u00e9e !","description":"Catherine et Herv\u00e9 Gasiglia de Votre Ch\u00e2teau de Famille ont \u00e9t\u00e9 re\u00e7us en 2019 \u00e0 Matignon et au Palais de l\u2019Elys\u00e9e. Ils ont rencontr\u00e9 Pascal Confavreux, Conseiller technique Diplomatie \u00e9conomique et tourisme aupr\u00e8s du Premier Ministre, et Claudia Ferrazzi, Conseill\u00e8re culture du Pr\u00e9sident de la R\u00e9publique. Ils ont pr\u00e9sent\u00e9 leur activit\u00e9 de location de Ch\u00e2teaux et ses b\u00e9n\u00e9fices : entretien et mise en valeur du patrimoine, dynamisme culturel et \u00e9conomique.","robots":{"index":"index","follow":"follow","max-snippet":"max-snippet:-1","max-image-preview":"max-image-preview:large","max-video-preview":"max-video-preview:-1"},"canonical":"https:\/\/www.votre-chateau-de-famille.com\/en\/2019\/05\/23\/lelysee-et-matignon-sinteressent-a-votre-chateau-de-famille\/","og_locale":"en_US","og_type":"article","og_title":"L\u2019Elys\u00e9e et Matignon s\u2019int\u00e9ressent \u00e0 Votre Ch\u00e2teau de Famille","og_description":"Catherine et Herv\u00e9 Gasiglia de Votre Ch\u00e2teau de Famille ont \u00e9t\u00e9 re\u00e7us en 2019 \u00e0 Matignon et au Palais de l\u2019Elys\u00e9e. Ils ont rencontr\u00e9 Pascal Confavreux, Conseiller technique Diplomatie \u00e9conomique et tourisme aupr\u00e8s du Premier Ministre, et Claudia Ferrazzi, Conseill\u00e8re culture du Pr\u00e9sident de la R\u00e9publique. Ils ont pr\u00e9sent\u00e9 leur activit\u00e9 de location de Ch\u00e2teaux et ses b\u00e9n\u00e9fices : entretien et mise en valeur du patrimoine, dynamisme culturel et \u00e9conomique.","og_url":"https:\/\/www.votre-chateau-de-famille.com\/en\/2019\/05\/23\/lelysee-et-matignon-sinteressent-a-votre-chateau-de-famille\/","og_site_name":"Votre Chateau de Famille","article_publisher":"https:\/\/www.facebook.com\/votrechateaudefamille\/","article_published_time":"2019-05-23T14:21:00+00:00","article_modified_time":"2026-09-01T09:35:49+00:00","og_image":[{"width":800,"height":600,"url":"https:\/\/www.votre-chateau-de-famille.com\/wp-content\/uploads\/2019\/05\/Herve_Cat1-800x600-1.jpg","type":"image\/jpeg"}],"author":"Votre ch\u00e2teau de famille","twitter_card":"summary_large_image","twitter_misc":{"Written by":"Votre ch\u00e2teau de famille","Est. reading time":"6 minutes"},"schema":{"@context":"https:\/\/schema.org","@graph":[{"@type":"Article","@id":"https:\/\/www.votre-chateau-de-famille.com\/en\/2019\/05\/23\/lelysee-et-matignon-sinteressent-a-votre-chateau-de-famille\/#article","isPartOf":{"@id":"https:\/\/www.votre-chateau-de-famille.com\/en\/2019\/05\/23\/lelysee-et-matignon-sinteressent-a-votre-chateau-de-famille\/"},"author":{"name":"Votre ch\u00e2teau de famille","@id":"https:\/\/www.votre-chateau-de-famille.com\/en\/#\/schema\/person\/3275000062c75f85bfcc5646604bcc49"},"headline":"L\u2019Elys\u00e9e et Matignon s\u2019int\u00e9ressent \u00e0 Votre Ch\u00e2teau de Famille","datePublished":"2019-05-23T14:21:00+00:00","dateModified":"2026-09-01T09:35:49+00:00","mainEntityOfPage":{"@id":"https:\/\/www.votre-chateau-de-famille.com\/en\/2019\/05\/23\/lelysee-et-matignon-sinteressent-a-votre-chateau-de-famille\/"},"wordCount":1180,"publisher":{"@id":"https:\/\/www.votre-chateau-de-famille.com\/en\/#organization"},"image":{"@id":"https:\/\/www.votre-chateau-de-famille.com\/en\/2019\/05\/23\/lelysee-et-matignon-sinteressent-a-votre-chateau-de-famille\/#primaryimage"},"thumbnailUrl":"https:\/\/www.votre-chateau-de-famille.com\/wp-content\/uploads\/2019\/05\/Herve_Cat1-800x600-1.jpg","articleSection":["Art de vivre","Exp\u00e9riences"],"inLanguage":"en-US"},{"@type":"WebPage","@id":"https:\/\/www.votre-chateau-de-famille.com\/en\/2019\/05\/23\/lelysee-et-matignon-sinteressent-a-votre-chateau-de-famille\/","url":"https:\/\/www.votre-chateau-de-famille.com\/en\/2019\/05\/23\/lelysee-et-matignon-sinteressent-a-votre-chateau-de-famille\/","name":"Votre Ch\u00e2teau de Famille : l'\u00e9quipe re\u00e7ue \u00e0 l'Elys\u00e9e !","isPartOf":{"@id":"https:\/\/www.votre-chateau-de-famille.com\/en\/#website"},"primaryImageOfPage":{"@id":"https:\/\/www.votre-chateau-de-famille.com\/en\/2019\/05\/23\/lelysee-et-matignon-sinteressent-a-votre-chateau-de-famille\/#primaryimage"},"image":{"@id":"https:\/\/www.votre-chateau-de-famille.com\/en\/2019\/05\/23\/lelysee-et-matignon-sinteressent-a-votre-chateau-de-famille\/#primaryimage"},"thumbnailUrl":"https:\/\/www.votre-chateau-de-famille.com\/wp-content\/uploads\/2019\/05\/Herve_Cat1-800x600-1.jpg","datePublished":"2019-05-23T14:21:00+00:00","dateModified":"2026-09-01T09:35:49+00:00","description":"Catherine et Herv\u00e9 Gasiglia de Votre Ch\u00e2teau de Famille ont \u00e9t\u00e9 re\u00e7us en 2019 \u00e0 Matignon et au Palais de l\u2019Elys\u00e9e. Ils ont rencontr\u00e9 Pascal Confavreux, Conseiller technique Diplomatie \u00e9conomique et tourisme aupr\u00e8s du Premier Ministre, et Claudia Ferrazzi, Conseill\u00e8re culture du Pr\u00e9sident de la R\u00e9publique. Ils ont pr\u00e9sent\u00e9 leur activit\u00e9 de location de Ch\u00e2teaux et ses b\u00e9n\u00e9fices : entretien et mise en valeur du patrimoine, dynamisme culturel et \u00e9conomique.","breadcrumb":{"@id":"https:\/\/www.votre-chateau-de-famille.com\/en\/2019\/05\/23\/lelysee-et-matignon-sinteressent-a-votre-chateau-de-famille\/#breadcrumb"},"inLanguage":"en-US","potentialAction":[{"@type":"ReadAction","target":["https:\/\/www.votre-chateau-de-famille.com\/en\/2019\/05\/23\/lelysee-et-matignon-sinteressent-a-votre-chateau-de-famille\/"]}]},{"@type":"ImageObject","inLanguage":"en-US","@id":"https:\/\/www.votre-chateau-de-famille.com\/en\/2019\/05\/23\/lelysee-et-matignon-sinteressent-a-votre-chateau-de-famille\/#primaryimage","url":"https:\/\/www.votre-chateau-de-famille.com\/wp-content\/uploads\/2019\/05\/Herve_Cat1-800x600-1.jpg","contentUrl":"https:\/\/www.votre-chateau-de-famille.com\/wp-content\/uploads\/2019\/05\/Herve_Cat1-800x600-1.jpg","width":800,"height":600},{"@type":"BreadcrumbList","@id":"https:\/\/www.votre-chateau-de-famille.com\/en\/2019\/05\/23\/lelysee-et-matignon-sinteressent-a-votre-chateau-de-famille\/#breadcrumb","itemListElement":[{"@type":"ListItem","position":1,"name":"Accueil","item":"https:\/\/www.votre-chateau-de-famille.com\/en\/"},{"@type":"ListItem","position":2,"name":"L\u2019Elys\u00e9e et Matignon s\u2019int\u00e9ressent \u00e0 Votre Ch\u00e2teau de Famille"}]},{"@type":"WebSite","@id":"https:\/\/www.votre-chateau-de-famille.com\/en\/#website","url":"https:\/\/www.votre-chateau-de-famille.com\/en\/","name":"Votre Chateau de Famille","description":"Location de ch\u00e2teaux, domaines et manoirs habit\u00e9s en France, pour vos mariages, vacances, week-ends et s\u00e9minaires d\u2019entreprise","publisher":{"@id":"https:\/\/www.votre-chateau-de-famille.com\/en\/#organization"},"potentialAction":[{"@type":"SearchAction","target":{"@type":"EntryPoint","urlTemplate":"https:\/\/www.votre-chateau-de-famille.com\/en\/?s={search_term_string}"},"query-input":{"@type":"PropertyValueSpecification","valueRequired":true,"valueName":"search_term_string"}}],"inLanguage":"en-US"},{"@type":"Organization","@id":"https:\/\/www.votre-chateau-de-famille.com\/en\/#organization","name":"Votre Ch\u00e2teau de Famille","url":"https:\/\/www.votre-chateau-de-famille.com\/en\/","logo":{"@type":"ImageObject","inLanguage":"en-US","@id":"https:\/\/www.votre-chateau-de-famille.com\/en\/#\/schema\/logo\/image\/","url":"https:\/\/www.votre-chateau-de-famille.com\/wp-content\/uploads\/2026\/08\/VCF-2000-x-2000-Black.png","contentUrl":"https:\/\/www.votre-chateau-de-famille.com\/wp-content\/uploads\/2026\/08\/VCF-2000-x-2000-Black.png","width":2000,"height":2000,"caption":"Votre Ch\u00e2teau de Famille"},"image":{"@id":"https:\/\/www.votre-chateau-de-famille.com\/en\/#\/schema\/logo\/image\/"},"sameAs":["https:\/\/www.facebook.com\/votrechateaudefamille\/","https:\/\/www.instagram.com\/votrechateaudefamille\/","https:\/\/www.linkedin.com\/company\/votre-chateau-de-famille\/"],"email":"contact@votre-chateau-de-famille.com","legalName":"Votre Ch\u00e2teau de Famille","numberOfEmployees":{"@type":"QuantitativeValue","minValue":"1","maxValue":"10"},"publishingPrinciples":"https:\/\/www.votre-chateau-de-famille.com\/qui-sommes-nous\/","ownershipFundingInfo":"https:\/\/www.votre-chateau-de-famille.com\/qui-sommes-nous\/","actionableFeedbackPolicy":"https:\/\/www.votre-chateau-de-famille.com\/conditions-generales-dutilisation\/","correctionsPolicy":"https:\/\/www.votre-chateau-de-famille.com\/conditions-generales-dutilisation\/","ethicsPolicy":"https:\/\/www.votre-chateau-de-famille.com\/charte-de-non-discrimination\/","diversityPolicy":"https:\/\/www.votre-chateau-de-famille.com\/charte-de-non-discrimination\/"},{"@type":"Person","@id":"https:\/\/www.votre-chateau-de-famille.com\/en\/#\/schema\/person\/3275000062c75f85bfcc5646604bcc49","name":"Votre ch\u00e2teau de famille","image":{"@type":"ImageObject","inLanguage":"en-US","@id":"https:\/\/secure.gravatar.com\/avatar\/003c61453d4d1a4e2c681a3ef0a111d490b9310432dc8c667b0924dca7d7f2a8?s=96&d=mm&r=g","url":"https:\/\/secure.gravatar.com\/avatar\/003c61453d4d1a4e2c681a3ef0a111d490b9310432dc8c667b0924dca7d7f2a8?s=96&d=mm&r=g","contentUrl":"https:\/\/secure.gravatar.com\/avatar\/003c61453d4d1a4e2c681a3ef0a111d490b9310432dc8c667b0924dca7d7f2a8?s=96&d=mm&r=g","caption":"Votre ch\u00e2teau de famille"}}]}},"_links":{"self":[{"href":"https:\/\/www.votre-chateau-de-famille.com\/en\/wp-json\/wp\/v2\/posts\/8065","targetHints":{"allow":["GET"]}}],"collection":[{"href":"https:\/\/www.votre-chateau-de-famille.com\/en\/wp-json\/wp\/v2\/posts"}],"about":[{"href":"https:\/\/www.votre-chateau-de-famille.com\/en\/wp-json\/wp\/v2\/types\/post"}],"author":[{"embeddable":true,"href":"https:\/\/www.votre-chateau-de-famille.com\/en\/wp-json\/wp\/v2\/users\/1"}],"replies":[{"embeddable":true,"href":"https:\/\/www.votre-chateau-de-famille.com\/en\/wp-json\/wp\/v2\/comments?post=8065"}],"version-history":[{"count":0,"href":"https:\/\/www.votre-chateau-de-famille.com\/en\/wp-json\/wp\/v2\/posts\/8065\/revisions"}],"wp:featuredmedia":[{"embeddable":true,"href":"https:\/\/www.votre-chateau-de-famille.com\/en\/wp-json\/wp\/v2\/media\/11316"}],"wp:attachment":[{"href":"https:\/\/www.votre-chateau-de-famille.com\/en\/wp-json\/wp\/v2\/media?parent=8065"}],"wp:term":[{"taxonomy":"category","embeddable":true,"href":"https:\/\/www.votre-chateau-de-famille.com\/en\/wp-json\/wp\/v2\/categories?post=8065"},{"taxonomy":"post_tag","embeddable":true,"href":"https:\/\/www.votre-chateau-de-famille.com\/en\/wp-json\/wp\/v2\/tags?post=8065"},{"taxonomy":"dipi_cpt_category","embeddable":true,"href":"https:\/\/www.votre-chateau-de-famille.com\/en\/wp-json\/wp\/v2\/dipi_cpt_category?post=8065"}],"curies":[{"name":"wp","href":"https:\/\/api.w.org\/{rel}","templated":true}]}}