{"id":6951,"date":"2019-08-14T07:57:09","date_gmt":"2019-08-14T05:57:09","guid":{"rendered":"https:\/\/www.votre-chateau-de-famille.com\/?p=6951"},"modified":"2026-09-01T11:46:08","modified_gmt":"2026-09-01T09:46:08","slug":"un-week-end-en-pleine-nature-proche-de-paris-au-chateau-de-villers-en-ouche","status":"publish","type":"post","link":"https:\/\/www.votre-chateau-de-famille.com\/en\/2019\/08\/14\/un-week-end-en-pleine-nature-proche-de-paris-au-chateau-de-villers-en-ouche\/","title":{"rendered":"Un week-end en pleine nature proche de Paris au ch\u00e2teau de Villers-en-Ouche"},"content":{"rendered":"<h2>Une promenade dans un jardin clos \u00e0 Villers-en-Ouche: un reflet d&#8217;\u00e9ternit\u00e9<\/h2>\n<p>Envie de vous \u00e9chapper de Paris pour vous replonger dans la nature?<\/p>\n<p>Louez le ch\u00e2teau de Villers-en-Ouche pour un week-end et d\u00e9couvrez un univers merveilleux !<\/p>\n<p>Ici, la permanence du Jardin Clos \u00e0 la Fran\u00e7aise est soulign\u00e9e par la course du soleil. Les ombres qu\u2019il projette tournent autour des arbustes immobiles. Le jardin, entour\u00e9 de murs anciens et protecteurs, \u00e0 la sym\u00e9trie simple, est un reflet d\u2019\u00e9ternit\u00e9. Son silence vient r\u00e9sonner dans le c\u0153ur et invite \u00e0 la d\u00e9couverte du monde int\u00e9rieur.<br \/>\n<img width=\"1000\" height=\"669\" src=\"https:\/\/www.votre-chateau-de-famille.com\/wp-content\/uploads\/2018\/09\/foret-viller.jpg\" class=\"vcf-img-recuperee\" alt=\"\" decoding=\"async\" loading=\"lazy\" srcset=\"https:\/\/www.votre-chateau-de-famille.com\/wp-content\/uploads\/2018\/09\/foret-viller.jpg 1000w, https:\/\/www.votre-chateau-de-famille.com\/wp-content\/uploads\/2018\/09\/foret-viller-300x201.jpg 300w, https:\/\/www.votre-chateau-de-famille.com\/wp-content\/uploads\/2018\/09\/foret-viller-768x514.jpg 768w, https:\/\/www.votre-chateau-de-famille.com\/wp-content\/uploads\/2018\/09\/foret-viller-700x468.jpg 700w\" sizes=\"(max-width: 1000px) 100vw, 1000px\" \/><\/p>\n<h2>D\u00e9couvrir un monde oubli\u00e9<\/h2>\n<p>&nbsp;<\/p>\n<p>Si le dessin du jardin ne change pas \u00e0 travers les saisons, il offre au passant, \u00e0 l&#8217;aff\u00fbt de la vie, une multitude de d\u00e9tails qui peuvent accompagner les mouvements de son \u00e2me. Au petit matin, pour \u00e9viter la ros\u00e9e abondante de la pelouse, il dirige ses pas vers l\u2019all\u00e9e conduisant au bois.<\/p>\n<p>A une autre heure du jour, les ifs offrent des cachettes id\u00e9ales pour accompagner les enfants dans leurs jeux. Les plus curieux pousseront la porte des pavillons des jardiniers pour y d\u00e9couvrir un monde abandonn\u00e9, recouvert de poussi\u00e8re et pris d\u2019assaut par les araign\u00e9es.<br \/>\n<img width=\"1024\" height=\"680\" src=\"https:\/\/www.votre-chateau-de-famille.com\/wp-content\/uploads\/2019\/04\/DSC_2775-1024x680.jpg\" class=\"vcf-img-recuperee\" alt=\"\" decoding=\"async\" loading=\"lazy\" srcset=\"https:\/\/www.votre-chateau-de-famille.com\/wp-content\/uploads\/2019\/04\/DSC_2775-1024x680.jpg 1024w, https:\/\/www.votre-chateau-de-famille.com\/wp-content\/uploads\/2019\/04\/DSC_2775-300x199.jpg 300w, https:\/\/www.votre-chateau-de-famille.com\/wp-content\/uploads\/2019\/04\/DSC_2775-768x510.jpg 768w, https:\/\/www.votre-chateau-de-famille.com\/wp-content\/uploads\/2019\/04\/DSC_2775-700x465.jpg 700w, https:\/\/www.votre-chateau-de-famille.com\/wp-content\/uploads\/2019\/04\/DSC_2775.jpg 2041w\" sizes=\"(max-width: 1024px) 100vw, 1024px\" \/><\/p>\n<h2>Les quatre saisons du jardin<\/h2>\n<p>&nbsp;<\/p>\n<p>Au-dessus du mur d\u2019enceinte, le feuillage des arbres offre les variations de couleurs allant de la tendresse du vert printanier \u00e0 la passion de l&#8217;\u00e9t\u00e9 et \u00e0 la sagesse des feux d\u2019automne. En hiver, les branches nues laissent davantage entrer le ciel dans le jardin. La seule couleur encore appr\u00e9ciable est alors celle du couchant, le soir venu.<br \/>\n<img width=\"1024\" height=\"682\" src=\"https:\/\/www.votre-chateau-de-famille.com\/wp-content\/uploads\/2019\/04\/DSC_0215-11-1024x682.jpg\" class=\"vcf-img-recuperee\" alt=\"Nuit \u00e9toil\u00e9e au dessus du parc de Villers\" decoding=\"async\" loading=\"lazy\" srcset=\"https:\/\/www.votre-chateau-de-famille.com\/wp-content\/uploads\/2019\/04\/DSC_0215-11-1024x682.jpg 1024w, https:\/\/www.votre-chateau-de-famille.com\/wp-content\/uploads\/2019\/04\/DSC_0215-11-300x200.jpg 300w, https:\/\/www.votre-chateau-de-famille.com\/wp-content\/uploads\/2019\/04\/DSC_0215-11-768x511.jpg 768w, https:\/\/www.votre-chateau-de-famille.com\/wp-content\/uploads\/2019\/04\/DSC_0215-11-700x466.jpg 700w, https:\/\/www.votre-chateau-de-famille.com\/wp-content\/uploads\/2019\/04\/DSC_0215-11.jpg 2041w\" sizes=\"(max-width: 1024px) 100vw, 1024px\" \/><br \/>\nPuis, les nuits sans lune d\u00e9voilent patiemment la course de la terre parmi les astres qui oscillent dans les t\u00e9n\u00e8bres.[action full_width=&#8221;yes&#8221; content_in_grid=&#8221;yes&#8221; type=&#8221;normal&#8221; text_font_weight=&#8221;&#8221; show_button=&#8221;yes&#8221; button_text=&#8221;D\u00e9couvrir le ch\u00e2teau&#8221; button_link=&#8221;https:\/\/www.votre-chateau-de-famille.com\/chateau\/chateau-de-villers-en-ouche\/&#8221;]Envie de passer un week-end dans ce cadre hors du temps ?<\/p>\n<p style=\"text-align: center;\"><a href=\"https:\/\/www.votre-chateau-de-famille.com\/chateau\/chateau-de-villers-en-ouche\/\">Ch\u00e2teau de Villers-en-Ouche <\/a><\/p>\n<p>[\/action]<\/p>\n","protected":false},"excerpt":{"rendered":"<p>Le temps d&#8217;un week-end, lors de votre s\u00e9jour au Ch\u00e2teau de Villers-en-Ouche, \u00e0 une heure de Paris, vous y d\u00e9couvrirez un jardin clos \u00e0 la fran\u00e7aise de toute beaut\u00e9. Vous pourrez vous y jouer avec les enfants. Ou vous y promener et appr\u00e9cier les nuances de lumi\u00e8res et de couleurs selon l\u2019inclinaison d\u2019une lune d\u2019\u00e9t\u00e9 ou d\u2019un soleil d\u2019automne. <\/p>\n","protected":false},"author":1,"featured_media":2568,"comment_status":"closed","ping_status":"closed","sticky":false,"template":"","format":"standard","meta":{"_acf_changed":false,"_et_pb_use_builder":"","_et_pb_old_content":"","_et_gb_content_width":"","footnotes":""},"categories":[1,270],"tags":[],"dipi_cpt_category":[],"class_list":["post-6951","post","type-post","status-publish","format-standard","has-post-thumbnail","hentry","category-experiences","category-week-ends"],"acf":[],"yoast_head":"<!-- This site is optimized with the Yoast SEO Premium plugin v28.3 (Yoast SEO v28.3) - https:\/\/yoast.com\/product\/yoast-seo-premium-wordpress\/ -->\n<title>Louer un Ch\u00e2teau pr\u00e8s de Paris : Villers-en-Ouche<\/title>\n<meta name=\"description\" content=\"Louer le ch\u00e2teau de Villers-en-Ouche \u00e0 une heure de Paris le temps d&#039;un week-end, c&#039;est se retrouver en pleine nature. D\u00e9couvrez son jardin clos de toute beaut\u00e9, en famille ou avec vos amis !\" \/>\n<meta name=\"robots\" content=\"index, follow, max-snippet:-1, max-image-preview:large, max-video-preview:-1\" \/>\n<link rel=\"canonical\" href=\"https:\/\/www.votre-chateau-de-famille.com\/en\/2019\/08\/14\/un-week-end-en-pleine-nature-proche-de-paris-au-chateau-de-villers-en-ouche\/\" \/>\n<meta property=\"og:locale\" content=\"en_US\" \/>\n<meta property=\"og:type\" content=\"article\" \/>\n<meta property=\"og:title\" content=\"Un week-end en pleine nature proche de Paris au ch\u00e2teau de Villers-en-Ouche\" \/>\n<meta property=\"og:description\" content=\"Louer le ch\u00e2teau de Villers-en-Ouche \u00e0 une heure de Paris le temps d&#039;un week-end, c&#039;est se retrouver en pleine nature. D\u00e9couvrez son jardin clos de toute beaut\u00e9, en famille ou avec vos amis !\" \/>\n<meta property=\"og:url\" content=\"https:\/\/www.votre-chateau-de-famille.com\/en\/2019\/08\/14\/un-week-end-en-pleine-nature-proche-de-paris-au-chateau-de-villers-en-ouche\/\" \/>\n<meta property=\"og:site_name\" content=\"Votre Chateau de Famille\" \/>\n<meta property=\"article:publisher\" content=\"https:\/\/www.facebook.com\/votrechateaudefamille\/\" \/>\n<meta property=\"article:published_time\" content=\"2019-08-14T05:57:09+00:00\" \/>\n<meta property=\"article:modified_time\" content=\"2026-09-01T09:46:08+00:00\" \/>\n<meta property=\"og:image\" content=\"https:\/\/www.votre-chateau-de-famille.com\/wp-content\/uploads\/2018\/12\/VCF-chateau-villers-en-ouche.jpg\" \/>\n\t<meta property=\"og:image:width\" content=\"2000\" \/>\n\t<meta property=\"og:image:height\" content=\"1000\" \/>\n\t<meta property=\"og:image:type\" content=\"image\/jpeg\" \/>\n<meta name=\"author\" content=\"Votre ch\u00e2teau de famille\" \/>\n<meta name=\"twitter:card\" content=\"summary_large_image\" \/>\n<meta name=\"twitter:label1\" content=\"Written by\" \/>\n\t<meta name=\"twitter:data1\" content=\"Votre ch\u00e2teau de famille\" \/>\n\t<meta name=\"twitter:label2\" content=\"Est. reading time\" \/>\n\t<meta name=\"twitter:data2\" content=\"2 minutes\" \/>\n<script type=\"application\/ld+json\" class=\"yoast-schema-graph\">{\"@context\":\"https:\\\/\\\/schema.org\",\"@graph\":[{\"@type\":\"Article\",\"@id\":\"https:\\\/\\\/www.votre-chateau-de-famille.com\\\/en\\\/2019\\\/08\\\/14\\\/un-week-end-en-pleine-nature-proche-de-paris-au-chateau-de-villers-en-ouche\\\/#article\",\"isPartOf\":{\"@id\":\"https:\\\/\\\/www.votre-chateau-de-famille.com\\\/en\\\/2019\\\/08\\\/14\\\/un-week-end-en-pleine-nature-proche-de-paris-au-chateau-de-villers-en-ouche\\\/\"},\"author\":{\"name\":\"Votre ch\u00e2teau de famille\",\"@id\":\"https:\\\/\\\/www.votre-chateau-de-famille.com\\\/en\\\/#\\\/schema\\\/person\\\/3275000062c75f85bfcc5646604bcc49\"},\"headline\":\"Un week-end en pleine nature proche de Paris au ch\u00e2teau de Villers-en-Ouche\",\"datePublished\":\"2019-08-14T05:57:09+00:00\",\"dateModified\":\"2026-09-01T09:46:08+00:00\",\"mainEntityOfPage\":{\"@id\":\"https:\\\/\\\/www.votre-chateau-de-famille.com\\\/en\\\/2019\\\/08\\\/14\\\/un-week-end-en-pleine-nature-proche-de-paris-au-chateau-de-villers-en-ouche\\\/\"},\"wordCount\":361,\"publisher\":{\"@id\":\"https:\\\/\\\/www.votre-chateau-de-famille.com\\\/en\\\/#organization\"},\"image\":{\"@id\":\"https:\\\/\\\/www.votre-chateau-de-famille.com\\\/en\\\/2019\\\/08\\\/14\\\/un-week-end-en-pleine-nature-proche-de-paris-au-chateau-de-villers-en-ouche\\\/#primaryimage\"},\"thumbnailUrl\":\"https:\\\/\\\/www.votre-chateau-de-famille.com\\\/wp-content\\\/uploads\\\/2018\\\/12\\\/VCF-chateau-villers-en-ouche.jpg\",\"articleSection\":[\"Exp\u00e9riences\",\"Week-ends\"],\"inLanguage\":\"en-US\"},{\"@type\":\"WebPage\",\"@id\":\"https:\\\/\\\/www.votre-chateau-de-famille.com\\\/en\\\/2019\\\/08\\\/14\\\/un-week-end-en-pleine-nature-proche-de-paris-au-chateau-de-villers-en-ouche\\\/\",\"url\":\"https:\\\/\\\/www.votre-chateau-de-famille.com\\\/en\\\/2019\\\/08\\\/14\\\/un-week-end-en-pleine-nature-proche-de-paris-au-chateau-de-villers-en-ouche\\\/\",\"name\":\"Louer un Ch\u00e2teau pr\u00e8s de Paris : Villers-en-Ouche\",\"isPartOf\":{\"@id\":\"https:\\\/\\\/www.votre-chateau-de-famille.com\\\/en\\\/#website\"},\"primaryImageOfPage\":{\"@id\":\"https:\\\/\\\/www.votre-chateau-de-famille.com\\\/en\\\/2019\\\/08\\\/14\\\/un-week-end-en-pleine-nature-proche-de-paris-au-chateau-de-villers-en-ouche\\\/#primaryimage\"},\"image\":{\"@id\":\"https:\\\/\\\/www.votre-chateau-de-famille.com\\\/en\\\/2019\\\/08\\\/14\\\/un-week-end-en-pleine-nature-proche-de-paris-au-chateau-de-villers-en-ouche\\\/#primaryimage\"},\"thumbnailUrl\":\"https:\\\/\\\/www.votre-chateau-de-famille.com\\\/wp-content\\\/uploads\\\/2018\\\/12\\\/VCF-chateau-villers-en-ouche.jpg\",\"datePublished\":\"2019-08-14T05:57:09+00:00\",\"dateModified\":\"2026-09-01T09:46:08+00:00\",\"description\":\"Louer le ch\u00e2teau de Villers-en-Ouche \u00e0 une heure de Paris le temps d'un week-end, c'est se retrouver en pleine nature. D\u00e9couvrez son jardin clos de toute beaut\u00e9, en famille ou avec vos amis !\",\"breadcrumb\":{\"@id\":\"https:\\\/\\\/www.votre-chateau-de-famille.com\\\/en\\\/2019\\\/08\\\/14\\\/un-week-end-en-pleine-nature-proche-de-paris-au-chateau-de-villers-en-ouche\\\/#breadcrumb\"},\"inLanguage\":\"en-US\",\"potentialAction\":[{\"@type\":\"ReadAction\",\"target\":[\"https:\\\/\\\/www.votre-chateau-de-famille.com\\\/en\\\/2019\\\/08\\\/14\\\/un-week-end-en-pleine-nature-proche-de-paris-au-chateau-de-villers-en-ouche\\\/\"]}]},{\"@type\":\"ImageObject\",\"inLanguage\":\"en-US\",\"@id\":\"https:\\\/\\\/www.votre-chateau-de-famille.com\\\/en\\\/2019\\\/08\\\/14\\\/un-week-end-en-pleine-nature-proche-de-paris-au-chateau-de-villers-en-ouche\\\/#primaryimage\",\"url\":\"https:\\\/\\\/www.votre-chateau-de-famille.com\\\/wp-content\\\/uploads\\\/2018\\\/12\\\/VCF-chateau-villers-en-ouche.jpg\",\"contentUrl\":\"https:\\\/\\\/www.votre-chateau-de-famille.com\\\/wp-content\\\/uploads\\\/2018\\\/12\\\/VCF-chateau-villers-en-ouche.jpg\",\"width\":2000,\"height\":1000},{\"@type\":\"BreadcrumbList\",\"@id\":\"https:\\\/\\\/www.votre-chateau-de-famille.com\\\/en\\\/2019\\\/08\\\/14\\\/un-week-end-en-pleine-nature-proche-de-paris-au-chateau-de-villers-en-ouche\\\/#breadcrumb\",\"itemListElement\":[{\"@type\":\"ListItem\",\"position\":1,\"name\":\"Accueil\",\"item\":\"https:\\\/\\\/www.votre-chateau-de-famille.com\\\/en\\\/\"},{\"@type\":\"ListItem\",\"position\":2,\"name\":\"Un week-end en pleine nature proche de Paris au ch\u00e2teau de Villers-en-Ouche\"}]},{\"@type\":\"WebSite\",\"@id\":\"https:\\\/\\\/www.votre-chateau-de-famille.com\\\/en\\\/#website\",\"url\":\"https:\\\/\\\/www.votre-chateau-de-famille.com\\\/en\\\/\",\"name\":\"Votre Chateau de Famille\",\"description\":\"Location de ch\u00e2teaux, domaines et manoirs habit\u00e9s en France, pour vos mariages, vacances, week-ends et s\u00e9minaires d\u2019entreprise\",\"publisher\":{\"@id\":\"https:\\\/\\\/www.votre-chateau-de-famille.com\\\/en\\\/#organization\"},\"potentialAction\":[{\"@type\":\"SearchAction\",\"target\":{\"@type\":\"EntryPoint\",\"urlTemplate\":\"https:\\\/\\\/www.votre-chateau-de-famille.com\\\/en\\\/?s={search_term_string}\"},\"query-input\":{\"@type\":\"PropertyValueSpecification\",\"valueRequired\":true,\"valueName\":\"search_term_string\"}}],\"inLanguage\":\"en-US\"},{\"@type\":\"Organization\",\"@id\":\"https:\\\/\\\/www.votre-chateau-de-famille.com\\\/en\\\/#organization\",\"name\":\"Votre Ch\u00e2teau de Famille\",\"url\":\"https:\\\/\\\/www.votre-chateau-de-famille.com\\\/en\\\/\",\"logo\":{\"@type\":\"ImageObject\",\"inLanguage\":\"en-US\",\"@id\":\"https:\\\/\\\/www.votre-chateau-de-famille.com\\\/en\\\/#\\\/schema\\\/logo\\\/image\\\/\",\"url\":\"https:\\\/\\\/www.votre-chateau-de-famille.com\\\/wp-content\\\/uploads\\\/2026\\\/08\\\/VCF-2000-x-2000-Black.png\",\"contentUrl\":\"https:\\\/\\\/www.votre-chateau-de-famille.com\\\/wp-content\\\/uploads\\\/2026\\\/08\\\/VCF-2000-x-2000-Black.png\",\"width\":2000,\"height\":2000,\"caption\":\"Votre Ch\u00e2teau de Famille\"},\"image\":{\"@id\":\"https:\\\/\\\/www.votre-chateau-de-famille.com\\\/en\\\/#\\\/schema\\\/logo\\\/image\\\/\"},\"sameAs\":[\"https:\\\/\\\/www.facebook.com\\\/votrechateaudefamille\\\/\",\"https:\\\/\\\/www.instagram.com\\\/votrechateaudefamille\\\/\",\"https:\\\/\\\/www.linkedin.com\\\/company\\\/votre-chateau-de-famille\\\/\"],\"email\":\"contact@votre-chateau-de-famille.com\",\"legalName\":\"Votre Ch\u00e2teau de Famille\",\"numberOfEmployees\":{\"@type\":\"QuantitativeValue\",\"minValue\":\"1\",\"maxValue\":\"10\"},\"publishingPrinciples\":\"https:\\\/\\\/www.votre-chateau-de-famille.com\\\/qui-sommes-nous\\\/\",\"ownershipFundingInfo\":\"https:\\\/\\\/www.votre-chateau-de-famille.com\\\/qui-sommes-nous\\\/\",\"actionableFeedbackPolicy\":\"https:\\\/\\\/www.votre-chateau-de-famille.com\\\/conditions-generales-dutilisation\\\/\",\"correctionsPolicy\":\"https:\\\/\\\/www.votre-chateau-de-famille.com\\\/conditions-generales-dutilisation\\\/\",\"ethicsPolicy\":\"https:\\\/\\\/www.votre-chateau-de-famille.com\\\/charte-de-non-discrimination\\\/\",\"diversityPolicy\":\"https:\\\/\\\/www.votre-chateau-de-famille.com\\\/charte-de-non-discrimination\\\/\"},{\"@type\":\"Person\",\"@id\":\"https:\\\/\\\/www.votre-chateau-de-famille.com\\\/en\\\/#\\\/schema\\\/person\\\/3275000062c75f85bfcc5646604bcc49\",\"name\":\"Votre ch\u00e2teau de famille\",\"image\":{\"@type\":\"ImageObject\",\"inLanguage\":\"en-US\",\"@id\":\"https:\\\/\\\/secure.gravatar.com\\\/avatar\\\/003c61453d4d1a4e2c681a3ef0a111d490b9310432dc8c667b0924dca7d7f2a8?s=96&d=mm&r=g\",\"url\":\"https:\\\/\\\/secure.gravatar.com\\\/avatar\\\/003c61453d4d1a4e2c681a3ef0a111d490b9310432dc8c667b0924dca7d7f2a8?s=96&d=mm&r=g\",\"contentUrl\":\"https:\\\/\\\/secure.gravatar.com\\\/avatar\\\/003c61453d4d1a4e2c681a3ef0a111d490b9310432dc8c667b0924dca7d7f2a8?s=96&d=mm&r=g\",\"caption\":\"Votre ch\u00e2teau de famille\"}}]}<\/script>\n<!-- \/ Yoast SEO Premium plugin. -->","yoast_head_json":{"title":"Louer un Ch\u00e2teau pr\u00e8s de Paris : Villers-en-Ouche","description":"Louer le ch\u00e2teau de Villers-en-Ouche \u00e0 une heure de Paris le temps d'un week-end, c'est se retrouver en pleine nature. D\u00e9couvrez son jardin clos de toute beaut\u00e9, en famille ou avec vos amis !","robots":{"index":"index","follow":"follow","max-snippet":"max-snippet:-1","max-image-preview":"max-image-preview:large","max-video-preview":"max-video-preview:-1"},"canonical":"https:\/\/www.votre-chateau-de-famille.com\/en\/2019\/08\/14\/un-week-end-en-pleine-nature-proche-de-paris-au-chateau-de-villers-en-ouche\/","og_locale":"en_US","og_type":"article","og_title":"Un week-end en pleine nature proche de Paris au ch\u00e2teau de Villers-en-Ouche","og_description":"Louer le ch\u00e2teau de Villers-en-Ouche \u00e0 une heure de Paris le temps d'un week-end, c'est se retrouver en pleine nature. D\u00e9couvrez son jardin clos de toute beaut\u00e9, en famille ou avec vos amis !","og_url":"https:\/\/www.votre-chateau-de-famille.com\/en\/2019\/08\/14\/un-week-end-en-pleine-nature-proche-de-paris-au-chateau-de-villers-en-ouche\/","og_site_name":"Votre Chateau de Famille","article_publisher":"https:\/\/www.facebook.com\/votrechateaudefamille\/","article_published_time":"2019-08-14T05:57:09+00:00","article_modified_time":"2026-09-01T09:46:08+00:00","og_image":[{"width":2000,"height":1000,"url":"https:\/\/www.votre-chateau-de-famille.com\/wp-content\/uploads\/2018\/12\/VCF-chateau-villers-en-ouche.jpg","type":"image\/jpeg"}],"author":"Votre ch\u00e2teau de famille","twitter_card":"summary_large_image","twitter_misc":{"Written by":"Votre ch\u00e2teau de famille","Est. reading time":"2 minutes"},"schema":{"@context":"https:\/\/schema.org","@graph":[{"@type":"Article","@id":"https:\/\/www.votre-chateau-de-famille.com\/en\/2019\/08\/14\/un-week-end-en-pleine-nature-proche-de-paris-au-chateau-de-villers-en-ouche\/#article","isPartOf":{"@id":"https:\/\/www.votre-chateau-de-famille.com\/en\/2019\/08\/14\/un-week-end-en-pleine-nature-proche-de-paris-au-chateau-de-villers-en-ouche\/"},"author":{"name":"Votre ch\u00e2teau de famille","@id":"https:\/\/www.votre-chateau-de-famille.com\/en\/#\/schema\/person\/3275000062c75f85bfcc5646604bcc49"},"headline":"Un week-end en pleine nature proche de Paris au ch\u00e2teau de Villers-en-Ouche","datePublished":"2019-08-14T05:57:09+00:00","dateModified":"2026-09-01T09:46:08+00:00","mainEntityOfPage":{"@id":"https:\/\/www.votre-chateau-de-famille.com\/en\/2019\/08\/14\/un-week-end-en-pleine-nature-proche-de-paris-au-chateau-de-villers-en-ouche\/"},"wordCount":361,"publisher":{"@id":"https:\/\/www.votre-chateau-de-famille.com\/en\/#organization"},"image":{"@id":"https:\/\/www.votre-chateau-de-famille.com\/en\/2019\/08\/14\/un-week-end-en-pleine-nature-proche-de-paris-au-chateau-de-villers-en-ouche\/#primaryimage"},"thumbnailUrl":"https:\/\/www.votre-chateau-de-famille.com\/wp-content\/uploads\/2018\/12\/VCF-chateau-villers-en-ouche.jpg","articleSection":["Exp\u00e9riences","Week-ends"],"inLanguage":"en-US"},{"@type":"WebPage","@id":"https:\/\/www.votre-chateau-de-famille.com\/en\/2019\/08\/14\/un-week-end-en-pleine-nature-proche-de-paris-au-chateau-de-villers-en-ouche\/","url":"https:\/\/www.votre-chateau-de-famille.com\/en\/2019\/08\/14\/un-week-end-en-pleine-nature-proche-de-paris-au-chateau-de-villers-en-ouche\/","name":"Louer un Ch\u00e2teau pr\u00e8s de Paris : Villers-en-Ouche","isPartOf":{"@id":"https:\/\/www.votre-chateau-de-famille.com\/en\/#website"},"primaryImageOfPage":{"@id":"https:\/\/www.votre-chateau-de-famille.com\/en\/2019\/08\/14\/un-week-end-en-pleine-nature-proche-de-paris-au-chateau-de-villers-en-ouche\/#primaryimage"},"image":{"@id":"https:\/\/www.votre-chateau-de-famille.com\/en\/2019\/08\/14\/un-week-end-en-pleine-nature-proche-de-paris-au-chateau-de-villers-en-ouche\/#primaryimage"},"thumbnailUrl":"https:\/\/www.votre-chateau-de-famille.com\/wp-content\/uploads\/2018\/12\/VCF-chateau-villers-en-ouche.jpg","datePublished":"2019-08-14T05:57:09+00:00","dateModified":"2026-09-01T09:46:08+00:00","description":"Louer le ch\u00e2teau de Villers-en-Ouche \u00e0 une heure de Paris le temps d'un week-end, c'est se retrouver en pleine nature. D\u00e9couvrez son jardin clos de toute beaut\u00e9, en famille ou avec vos amis !","breadcrumb":{"@id":"https:\/\/www.votre-chateau-de-famille.com\/en\/2019\/08\/14\/un-week-end-en-pleine-nature-proche-de-paris-au-chateau-de-villers-en-ouche\/#breadcrumb"},"inLanguage":"en-US","potentialAction":[{"@type":"ReadAction","target":["https:\/\/www.votre-chateau-de-famille.com\/en\/2019\/08\/14\/un-week-end-en-pleine-nature-proche-de-paris-au-chateau-de-villers-en-ouche\/"]}]},{"@type":"ImageObject","inLanguage":"en-US","@id":"https:\/\/www.votre-chateau-de-famille.com\/en\/2019\/08\/14\/un-week-end-en-pleine-nature-proche-de-paris-au-chateau-de-villers-en-ouche\/#primaryimage","url":"https:\/\/www.votre-chateau-de-famille.com\/wp-content\/uploads\/2018\/12\/VCF-chateau-villers-en-ouche.jpg","contentUrl":"https:\/\/www.votre-chateau-de-famille.com\/wp-content\/uploads\/2018\/12\/VCF-chateau-villers-en-ouche.jpg","width":2000,"height":1000},{"@type":"BreadcrumbList","@id":"https:\/\/www.votre-chateau-de-famille.com\/en\/2019\/08\/14\/un-week-end-en-pleine-nature-proche-de-paris-au-chateau-de-villers-en-ouche\/#breadcrumb","itemListElement":[{"@type":"ListItem","position":1,"name":"Accueil","item":"https:\/\/www.votre-chateau-de-famille.com\/en\/"},{"@type":"ListItem","position":2,"name":"Un week-end en pleine nature proche de Paris au ch\u00e2teau de Villers-en-Ouche"}]},{"@type":"WebSite","@id":"https:\/\/www.votre-chateau-de-famille.com\/en\/#website","url":"https:\/\/www.votre-chateau-de-famille.com\/en\/","name":"Votre Chateau de Famille","description":"Location de ch\u00e2teaux, domaines et manoirs habit\u00e9s en France, pour vos mariages, vacances, week-ends et s\u00e9minaires d\u2019entreprise","publisher":{"@id":"https:\/\/www.votre-chateau-de-famille.com\/en\/#organization"},"potentialAction":[{"@type":"SearchAction","target":{"@type":"EntryPoint","urlTemplate":"https:\/\/www.votre-chateau-de-famille.com\/en\/?s={search_term_string}"},"query-input":{"@type":"PropertyValueSpecification","valueRequired":true,"valueName":"search_term_string"}}],"inLanguage":"en-US"},{"@type":"Organization","@id":"https:\/\/www.votre-chateau-de-famille.com\/en\/#organization","name":"Votre Ch\u00e2teau de Famille","url":"https:\/\/www.votre-chateau-de-famille.com\/en\/","logo":{"@type":"ImageObject","inLanguage":"en-US","@id":"https:\/\/www.votre-chateau-de-famille.com\/en\/#\/schema\/logo\/image\/","url":"https:\/\/www.votre-chateau-de-famille.com\/wp-content\/uploads\/2026\/08\/VCF-2000-x-2000-Black.png","contentUrl":"https:\/\/www.votre-chateau-de-famille.com\/wp-content\/uploads\/2026\/08\/VCF-2000-x-2000-Black.png","width":2000,"height":2000,"caption":"Votre Ch\u00e2teau de Famille"},"image":{"@id":"https:\/\/www.votre-chateau-de-famille.com\/en\/#\/schema\/logo\/image\/"},"sameAs":["https:\/\/www.facebook.com\/votrechateaudefamille\/","https:\/\/www.instagram.com\/votrechateaudefamille\/","https:\/\/www.linkedin.com\/company\/votre-chateau-de-famille\/"],"email":"contact@votre-chateau-de-famille.com","legalName":"Votre Ch\u00e2teau de Famille","numberOfEmployees":{"@type":"QuantitativeValue","minValue":"1","maxValue":"10"},"publishingPrinciples":"https:\/\/www.votre-chateau-de-famille.com\/qui-sommes-nous\/","ownershipFundingInfo":"https:\/\/www.votre-chateau-de-famille.com\/qui-sommes-nous\/","actionableFeedbackPolicy":"https:\/\/www.votre-chateau-de-famille.com\/conditions-generales-dutilisation\/","correctionsPolicy":"https:\/\/www.votre-chateau-de-famille.com\/conditions-generales-dutilisation\/","ethicsPolicy":"https:\/\/www.votre-chateau-de-famille.com\/charte-de-non-discrimination\/","diversityPolicy":"https:\/\/www.votre-chateau-de-famille.com\/charte-de-non-discrimination\/"},{"@type":"Person","@id":"https:\/\/www.votre-chateau-de-famille.com\/en\/#\/schema\/person\/3275000062c75f85bfcc5646604bcc49","name":"Votre ch\u00e2teau de famille","image":{"@type":"ImageObject","inLanguage":"en-US","@id":"https:\/\/secure.gravatar.com\/avatar\/003c61453d4d1a4e2c681a3ef0a111d490b9310432dc8c667b0924dca7d7f2a8?s=96&d=mm&r=g","url":"https:\/\/secure.gravatar.com\/avatar\/003c61453d4d1a4e2c681a3ef0a111d490b9310432dc8c667b0924dca7d7f2a8?s=96&d=mm&r=g","contentUrl":"https:\/\/secure.gravatar.com\/avatar\/003c61453d4d1a4e2c681a3ef0a111d490b9310432dc8c667b0924dca7d7f2a8?s=96&d=mm&r=g","caption":"Votre ch\u00e2teau de famille"}}]}},"_links":{"self":[{"href":"https:\/\/www.votre-chateau-de-famille.com\/en\/wp-json\/wp\/v2\/posts\/6951","targetHints":{"allow":["GET"]}}],"collection":[{"href":"https:\/\/www.votre-chateau-de-famille.com\/en\/wp-json\/wp\/v2\/posts"}],"about":[{"href":"https:\/\/www.votre-chateau-de-famille.com\/en\/wp-json\/wp\/v2\/types\/post"}],"author":[{"embeddable":true,"href":"https:\/\/www.votre-chateau-de-famille.com\/en\/wp-json\/wp\/v2\/users\/1"}],"replies":[{"embeddable":true,"href":"https:\/\/www.votre-chateau-de-famille.com\/en\/wp-json\/wp\/v2\/comments?post=6951"}],"version-history":[{"count":0,"href":"https:\/\/www.votre-chateau-de-famille.com\/en\/wp-json\/wp\/v2\/posts\/6951\/revisions"}],"wp:featuredmedia":[{"embeddable":true,"href":"https:\/\/www.votre-chateau-de-famille.com\/en\/wp-json\/wp\/v2\/media\/2568"}],"wp:attachment":[{"href":"https:\/\/www.votre-chateau-de-famille.com\/en\/wp-json\/wp\/v2\/media?parent=6951"}],"wp:term":[{"taxonomy":"category","embeddable":true,"href":"https:\/\/www.votre-chateau-de-famille.com\/en\/wp-json\/wp\/v2\/categories?post=6951"},{"taxonomy":"post_tag","embeddable":true,"href":"https:\/\/www.votre-chateau-de-famille.com\/en\/wp-json\/wp\/v2\/tags?post=6951"},{"taxonomy":"dipi_cpt_category","embeddable":true,"href":"https:\/\/www.votre-chateau-de-famille.com\/en\/wp-json\/wp\/v2\/dipi_cpt_category?post=6951"}],"curies":[{"name":"wp","href":"https:\/\/api.w.org\/{rel}","templated":true}]}}