{"id":67220,"date":"2025-10-22T16:05:23","date_gmt":"2025-10-22T14:05:23","guid":{"rendered":"https:\/\/www.votre-chateau-de-famille.com\/?p=67220"},"modified":"2025-11-05T10:02:08","modified_gmt":"2025-11-05T09:02:08","slug":"interview-jean-francois-lecole-montplaisant","status":"publish","type":"post","link":"https:\/\/www.votre-chateau-de-famille.com\/en\/2025\/10\/22\/interview-jean-francois-lecole-montplaisant\/","title":{"rendered":"A Conversation with Jean-Fran\u00e7ois L\u00e9cole at the Ch\u00e2teau de Montplaisant"},"content":{"rendered":"<div class=\"wpb-content-wrapper\"><p>[vc_row css_animation=&#8221;&#8221; row_type=&#8221;row&#8221; use_row_as_full_screen_section=&#8221;no&#8221; type=&#8221;grid&#8221; angled_section=&#8221;no&#8221; text_align=&#8221;left&#8221; background_image_as_pattern=&#8221;without_pattern&#8221; padding_bottom=&#8221;50&#8243; z_index=&#8221;&#8221;][vc_column][vc_column_text css=&#8221;&#8221;]<\/p>\n<p data-start=\"0\" data-end=\"344\">Just a few kilometers from Bourg-en-Bresse, the<strong> Ch\u00e2teau de Montplaisant<\/strong> rises gracefully between the regions of Bresse and Dombes, surrounded by lush countryside, a perfect setting for elegant weddings and family gatherings. Built in the 18th century and expanded in the 19th, this historic estate has remained in the same family since 1936.<\/p>\n<p data-start=\"346\" data-end=\"555\" data-is-last-node=\"\" data-is-only-node=\"\"><strong>Jean-Fran\u00e7ois L\u00e9cole,<\/strong> who owns the ch\u00e2teau together with his sister-in-law \u00c9lisabeth and brother-in-law Xavier Rebillard, shares with warmth and passion the story and daily life of this cherished family home.<\/p>\n<p>[\/vc_column_text][\/vc_column][\/vc_row][vc_row css_animation=&#8221;&#8221; row_type=&#8221;row&#8221; use_row_as_full_screen_section=&#8221;no&#8221; type=&#8221;grid&#8221; angled_section=&#8221;no&#8221; text_align=&#8221;left&#8221; background_image_as_pattern=&#8221;without_pattern&#8221; padding_bottom=&#8221;50&#8243; z_index=&#8221;&#8221;][vc_column width=&#8221;1\/2&#8243;][vc_column_text css=&#8221;&#8221;]<\/p>\n<h3 data-start=\"99\" data-end=\"269\"><strong data-start=\"99\" data-end=\"132\">Could you introduce yourself?<\/strong><\/h3>\n<p data-start=\"99\" data-end=\"269\">I am Jean-Fran\u00e7ois L\u2019\u00c9cole, owner of the Ch\u00e2teau de Montplaisant along with my sister-in-law Elisabeth and my brother-in-law Xavier.<\/p>\n<h3 data-start=\"271\" data-end=\"510\"><strong data-start=\"271\" data-end=\"336\">How long has the Ch\u00e2teau de Montplaisant been in your family?<\/strong><\/h3>\n<p data-start=\"271\" data-end=\"510\">The ch\u00e2teau came into my wife\u2019s family, I\u2019m simply the prince consort, when her grandfather purchased it at an auction in 1936. It has remained in the family ever since.<\/p>\n<h3 data-start=\"512\" data-end=\"957\"><strong data-start=\"512\" data-end=\"576\">For your family, is inheriting a ch\u00e2teau a burden or a gift?<\/strong><\/h3>\n<p data-start=\"512\" data-end=\"957\" data-is-last-node=\"\" data-is-only-node=\"\">Inheriting a ch\u00e2teau like this one is much more of a gift than a burden, there is really no comparison. It brings a lot of passion and so many fascinating experiences. Thanks to Votre Ch\u00e2teau de Famille, wonderful events take place here.<br \/>\nThe house is full of life and also allows us to host large family gatherings without getting in each other\u2019s way, which is truly delightful.<\/p>\n<p>[\/vc_column_text][\/vc_column][vc_column width=&#8221;1\/2&#8243;][vc_single_image image=&#8221;67151&#8243; img_size=&#8221;full&#8221; alignment=&#8221;center&#8221; css=&#8221;&#8221; qode_css_animation=&#8221;&#8221;][\/vc_column][\/vc_row][vc_row css_animation=&#8221;&#8221; row_type=&#8221;row&#8221; use_row_as_full_screen_section=&#8221;no&#8221; type=&#8221;grid&#8221; angled_section=&#8221;no&#8221; text_align=&#8221;left&#8221; background_image_as_pattern=&#8221;without_pattern&#8221; padding_bottom=&#8221;50&#8243; z_index=&#8221;&#8221;][vc_column][vc_empty_space][vc_column_text css=&#8221;&#8221;]<\/p>\n<h3 data-start=\"0\" data-end=\"312\"><strong data-start=\"0\" data-end=\"62\">What renovations have you had to carry out in the ch\u00e2teau?<\/strong><\/h3>\n<p data-start=\"0\" data-end=\"312\">To keep the ch\u00e2teau in good condition and make it suitable for rentals, especially for weddings, we have had to do quite a lot of work. My father-in-law, who owned the house before us, had already done a great deal himself, as he was very handy.<\/p>\n<p data-start=\"314\" data-end=\"594\" data-is-last-node=\"\" data-is-only-node=\"\">More recently, to comply with fire safety regulations and accessibility standards for people with reduced mobility, we had to undertake significant renovations. We took the opportunity to make some improvements, adding a bathroom here and there to make the house more comfortable.<\/p>\n<p>[\/vc_column_text][\/vc_column][\/vc_row][vc_row css_animation=&#8221;&#8221; row_type=&#8221;row&#8221; use_row_as_full_screen_section=&#8221;no&#8221; type=&#8221;grid&#8221; angled_section=&#8221;no&#8221; text_align=&#8221;left&#8221; background_image_as_pattern=&#8221;without_pattern&#8221; padding_bottom=&#8221;50&#8243; z_index=&#8221;&#8221;][vc_column][vc_row_inner row_type=&#8221;row&#8221; type=&#8221;full_width&#8221; text_align=&#8221;center&#8221; css_animation=&#8221;&#8221;][vc_column_inner width=&#8221;1\/2&#8243;][vc_single_image image=&#8221;60265&#8243; img_size=&#8221;full&#8221; alignment=&#8221;center&#8221; css=&#8221;&#8221; qode_css_animation=&#8221;&#8221;][\/vc_column_inner][vc_column_inner width=&#8221;1\/2&#8243;][vc_column_text css=&#8221;&#8221;]<\/p>\n<h3 style=\"text-align: left;\" data-start=\"0\" data-end=\"315\"><strong data-start=\"0\" data-end=\"52\">What renovations do you still plan to carry out?<\/strong><\/h3>\n<p style=\"text-align: left;\" data-start=\"0\" data-end=\"315\">There are two kinds of work in a house like ours. The first is the essential maintenance work, such as on the framework, the roof, or the surrounding walls. The less we have to do of that, the better, because it means the house is holding up well on its own.<\/p>\n<p style=\"text-align: left;\" data-start=\"317\" data-end=\"641\">The second category is more interesting, as it involves improving comfort. We are starting a new project this winter to complete the heating system, since at the moment three-quarters of the house has central heating, but one-quarter, including some bedrooms, is not yet heated. Starting in 2026, the entire house will be.<\/p>\n<p style=\"text-align: left;\" data-start=\"643\" data-end=\"835\" data-is-last-node=\"\" data-is-only-node=\"\">Beyond that, we will continue to gradually improve comfort. The long-term goal is to have one bathroom per bedroom. For now, that is not quite the case, as we have 13 bedrooms and 9 bathrooms.<\/p>\n<p>[\/vc_column_text][\/vc_column_inner][\/vc_row_inner][\/vc_column][\/vc_row][vc_row css_animation=&#8221;&#8221; row_type=&#8221;row&#8221; use_row_as_full_screen_section=&#8221;no&#8221; type=&#8221;grid&#8221; angled_section=&#8221;no&#8221; text_align=&#8221;left&#8221; background_image_as_pattern=&#8221;without_pattern&#8221; padding_bottom=&#8221;50&#8243; z_index=&#8221;&#8221;][vc_column][vc_empty_space][vc_row_inner row_type=&#8221;row&#8221; type=&#8221;full_width&#8221; text_align=&#8221;center&#8221; css_animation=&#8221;&#8221;][vc_column_inner width=&#8221;1\/2&#8243;][vc_column_text css=&#8221;&#8221;]<\/p>\n<h3 style=\"text-align: left;\" data-start=\"0\" data-end=\"170\"><strong data-start=\"0\" data-end=\"29\">Why stay at Montplaisant?<\/strong><\/h3>\n<p data-start=\"0\" data-end=\"142\">Staying at Montplaisant means being in a family home that has a soul, that truly lives. That\u2019s what the people who stay here always tell us.<\/p>\n<p data-start=\"144\" data-end=\"385\">You can see the mark of the different generations who have lived here. For example, we\u2019re now in the library, which was filled by my father-in-law with magnificent books. He was a very learned man, and he really left his mark on the house.<\/p>\n<p data-start=\"387\" data-end=\"634\" data-is-last-node=\"\" data-is-only-node=\"\">Our goal has been to improve comfort. As for me, I made one improvement I\u2019m particularly proud of \u2014 I set up the football field on the lawn outside. So yes, each of us adds a personal touch, and little by little, the house keeps evolving that way.<\/p>\n<p>[\/vc_column_text][\/vc_column_inner][vc_column_inner width=&#8221;1\/2&#8243;][vc_gallery type=&#8221;flexslider_slide&#8221; interval=&#8221;3&#8243; images=&#8221;33913,33666&#8243; img_size=&#8221;large&#8221; css=&#8221;&#8221;][\/vc_column_inner][\/vc_row_inner][vc_empty_space height=&#8221;50px&#8221;][vc_row_inner row_type=&#8221;row&#8221; type=&#8221;full_width&#8221; text_align=&#8221;center&#8221; css_animation=&#8221;&#8221;][vc_column_inner width=&#8221;1\/2&#8243;][vc_column_text css=&#8221;&#8221;]<\/p>\n<h3 style=\"text-align: left;\" data-start=\"0\" data-end=\"77\"><strong data-start=\"0\" data-end=\"37\">What is the ch\u00e2teau\u2019s main asset?<\/strong><\/h3>\n<p style=\"text-align: left;\" data-start=\"0\" data-end=\"77\">It is hard to give just one answer. If I had to choose, I would say the gallery, which is beautiful with its arches. It is quite large, almost 110 square meters, and allows us to host a large number of guests for a dinner with everyone gathered in the same room, something that today\u2019s couples value greatly.<\/p>\n<p style=\"text-align: left;\" data-start=\"355\" data-end=\"587\">Thirty years ago, when I got married, it was the opposite. People preferred smaller rooms where guests could find some quiet if they wished. Those smaller connecting rooms still exist, serving as cozy salons beside the grand hall.<\/p>\n<p style=\"text-align: left;\" data-start=\"589\" data-end=\"758\">So the ch\u00e2teau makes it easy to spread out guests for receptions or activities without anyone getting in each other\u2019s way. That is truly the house\u2019s greatest strength.<\/p>\n<h3 style=\"text-align: left;\" data-start=\"760\" data-end=\"946\"><strong data-start=\"760\" data-end=\"806\">What is your favorite room in the ch\u00e2teau?<\/strong><\/h3>\n<p style=\"text-align: left;\" data-start=\"760\" data-end=\"946\">My favorite room in the ch\u00e2teau is a small lounge called the \u201cclock room.\u201d It is located at the far end of the house, on the east side.<\/p>\n<p style=\"text-align: left;\" data-start=\"948\" data-end=\"1148\" data-is-last-node=\"\" data-is-only-node=\"\">It allows me to enjoy some peace and quiet since it is far from the kitchen and the dining room, which are, quite literally, the bustling heart of the house. There, I can be on my own and truly relax.<\/p>\n<p>[\/vc_column_text][\/vc_column_inner][vc_column_inner width=&#8221;1\/2&#8243;][vc_gallery type=&#8221;flexslider_slide&#8221; interval=&#8221;3&#8243; images=&#8221;33692,33937,60255,33696&#8243; img_size=&#8221;large&#8221; css=&#8221;&#8221;][\/vc_column_inner][\/vc_row_inner][vc_empty_space height=&#8221;50px&#8221;][vc_column_text css=&#8221;&#8221;]<\/p>\n<h3 style=\"text-align: left;\" data-start=\"0\" data-end=\"135\"><strong data-start=\"0\" data-end=\"45\">Can you tell us the story of the ch\u00e2teau?<\/strong><\/h3>\n<p style=\"text-align: left;\" data-start=\"0\" data-end=\"135\">From what we know, the ch\u00e2teau was built at the end of the 18th century, around 1780.<\/p>\n<p style=\"text-align: left;\" data-start=\"137\" data-end=\"349\">It was successively occupied by several marquises. The ch\u00e2teau stands right between the regions of Dombes and Bresse. Dombes, near Lyon, is known for its ponds and fish, while Bresse is famous for its chickens.<\/p>\n<p style=\"text-align: left;\" data-start=\"351\" data-end=\"586\">Later, the ch\u00e2teau was expanded at the end of the 19th century. Originally, it was U-shaped, with a central courtyard that was later enclosed by the large room I mentioned earlier, the gallery, which is very pleasant and faces south.<\/p>\n<p style=\"text-align: left;\" data-start=\"588\" data-end=\"1014\">Towards the end of the 19th century, the ch\u00e2teau was unoccupied for about thirty years before being purchased by industrialists from Saint-\u00c9tienne. When their business declined, they sold it to my wife\u2019s grandfather and aunt\u2019s father in 1936. Since then, it has been passed down within the family, from grandfather to father and now to the children. We will see if our own children take it over next, but it looks promising.<\/p>\n<h3 style=\"text-align: left;\" data-start=\"1016\" data-end=\"1409\"><strong data-start=\"1016\" data-end=\"1070\">Do you have a personal anecdote about the ch\u00e2teau?<\/strong><\/h3>\n<p style=\"text-align: left;\" data-start=\"1016\" data-end=\"1409\">A few years ago, we made a film at the ch\u00e2teau with the whole family, set to a song by Mika. Everyone had a role, singing lyrics and taking part. Since I am completely hopeless at singing, I sound terrible, my role was to juggle a football for the background of the film, which suited me much better. Everyone has their own talents.<\/p>\n<p style=\"text-align: left;\" data-start=\"1411\" data-end=\"1620\" data-is-last-node=\"\" data-is-only-node=\"\">It is not exactly the typical atmosphere of a ch\u00e2teau, but it shows that in the 21st century, a ch\u00e2teau should not only be a place for grand receptions. It should also be a place to play football and have fun.<\/p>\n<p>[\/vc_column_text][vc_empty_space height=&#8221;50px&#8221;][vc_single_image image=&#8221;67128&#8243; img_size=&#8221;full&#8221; alignment=&#8221;center&#8221; css=&#8221;&#8221; qode_css_animation=&#8221;&#8221;][vc_empty_space height=&#8221;50px&#8221;][vc_row_inner row_type=&#8221;row&#8221; type=&#8221;full_width&#8221; text_align=&#8221;center&#8221; css_animation=&#8221;&#8221;][vc_column_inner width=&#8221;1\/2&#8243;][vc_empty_space height=&#8221;50px&#8221;][vc_column_text css=&#8221;&#8221;]<\/p>\n<h3 style=\"text-align: left;\" data-start=\"97\" data-end=\"415\"><strong data-start=\"97\" data-end=\"144\">Is there a legend connected to the ch\u00e2teau?<\/strong><\/h3>\n<p style=\"text-align: left;\" data-start=\"97\" data-end=\"415\">In our family, it is said that the ch\u00e2teau was built so large to ensure that, as long as those joining the family were not yet married, their bedrooms would be very far from one another. But I believe that is just a legend, it could hardly have been truly practiced.<\/p>\n<h3 style=\"text-align: left;\" data-start=\"417\" data-end=\"783\"><strong data-start=\"417\" data-end=\"508\">If you had to describe the Ch\u00e2teau de Montplaisant in three words, which would they be?<\/strong><\/h3>\n<p style=\"text-align: left;\" data-start=\"417\" data-end=\"783\">I would say &#8220;beauty&#8221;, &#8220;immense&#8221; and &#8220;Christine&#8221;.<br data-start=\"559\" data-end=\"562\" \/>Because Christine was my wife\u2019s name. She has since passed away, but she is the one who allowed me to discover this ch\u00e2teau and who cared for it for many years while working as part of the Votre Ch\u00e2teau de Famille team.<\/p>\n<h3 style=\"text-align: left;\" data-start=\"785\" data-end=\"1016\"><strong data-start=\"785\" data-end=\"833\">Does the ch\u00e2teau or the family have a motto?<\/strong><\/h3>\n<p style=\"text-align: left;\" data-start=\"785\" data-end=\"1016\" data-is-last-node=\"\" data-is-only-node=\"\">No, there is not a particular motto for the ch\u00e2teau or for our family.<br data-start=\"906\" data-end=\"909\" \/>So let\u2019s make one up right now.<br data-start=\"940\" data-end=\"943\" \/>Let\u2019s say &#8220;History and Delight&#8221;. That will be the ch\u00e2teau\u2019s modern motto.<\/p>\n<p>[\/vc_column_text][\/vc_column_inner][vc_column_inner width=&#8221;1\/2&#8243;][vc_single_image image=&#8221;3018&#8243; img_size=&#8221;full&#8221; alignment=&#8221;center&#8221; css=&#8221;&#8221; qode_css_animation=&#8221;&#8221;][\/vc_column_inner][\/vc_row_inner][vc_empty_space height=&#8221;50px&#8221;][vc_column_text css=&#8221;&#8221;]<\/p>\n<h3 style=\"text-align: left;\" data-start=\"0\" data-end=\"207\"><strong data-start=\"0\" data-end=\"59\">What detail of the ch\u00e2teau do you particularly cherish?<\/strong><\/h3>\n<p style=\"text-align: left;\" data-start=\"0\" data-end=\"207\">What struck me the most when I joined the family, even though I was already an adult of 27 or 28, was the enormous wardrobe in the dining room.<\/p>\n<p style=\"text-align: left;\" data-start=\"209\" data-end=\"337\">It is absolutely huge. If I had to describe its dimensions, it must be about 3.5 meters high, 5 meters long, and 1 meter deep.<\/p>\n<p style=\"text-align: left;\" data-start=\"339\" data-end=\"524\">My wife\u2019s grandfather used to lock his little granddaughters in the wardrobe when they were being naughty. It was so spacious that they could easily fall asleep and take a nap inside.<\/p>\n<p style=\"text-align: left;\" data-start=\"526\" data-end=\"656\">Standing in front of it, even as an adult, you cannot help but feel like a small child again because the piece is so monumental.<\/p>\n<h3 style=\"text-align: left;\" data-start=\"658\" data-end=\"942\"><strong data-start=\"658\" data-end=\"716\">What is your favorite place to visit near the ch\u00e2teau?<\/strong><\/h3>\n<p style=\"text-align: left;\" data-start=\"658\" data-end=\"942\">My favorite visit is an obvious one, since the ch\u00e2teau is only 8 kilometers from the Royal Monastery of Brou in Bourg-en-Bresse. It is a magnificent site that was voted the favorite monument of the French a few years ago.<\/p>\n<p style=\"text-align: left;\" data-start=\"944\" data-end=\"1213\" data-is-last-node=\"\" data-is-only-node=\"\">It takes about 10 minutes by car or around half an hour by bike, as there is a lovely cycle path that goes from the ch\u00e2teau all the way to the monastery. It is a very pleasant outing and truly worth the visit, with a beautiful cloister and a fascinating museum as well.<\/p>\n<p>[\/vc_column_text][vc_single_image image=&#8221;67147&#8243; img_size=&#8221;full&#8221; alignment=&#8221;center&#8221; css=&#8221;&#8221; qode_css_animation=&#8221;&#8221;][vc_column_text css=&#8221;&#8221;]<\/p>\n<h3 style=\"text-align: left;\" data-start=\"0\" data-end=\"186\"><strong data-start=\"0\" data-end=\"56\">Why did you decide to join Votre Ch\u00e2teau de Famille?<\/strong><\/h3>\n<p style=\"text-align: left;\" data-start=\"0\" data-end=\"186\">We were among the very first ch\u00e2teaux to join Votre Ch\u00e2teau de Famille. I believe we were the third or fourth in the network.<\/p>\n<p style=\"text-align: left;\" data-start=\"188\" data-end=\"573\">It was love at first sight between my wife and Catherine Gasiglia, the founder of Votre Ch\u00e2teau de Famille. We wanted to keep the house in the family, but its maintenance costs were high each year, so we were looking for a way to at least cover the running expenses. Votre Ch\u00e2teau de Famille, which manages all the marketing and commercial aspects, seemed like an excellent solution.<\/p>\n<p style=\"text-align: left;\" data-start=\"575\" data-end=\"913\">Over time, we became so passionate about the project that Christine, my wife, worked for several years with Votre Ch\u00e2teau de Famille. She managed five ch\u00e2teaux, including ours, as well as four others in the region. Today, we remain close partners with Votre Ch\u00e2teau de Famille, and a strong friendship has grown from this collaboration.<\/p>\n<h3 style=\"text-align: left;\" data-start=\"915\" data-end=\"1002\"><strong data-start=\"915\" data-end=\"932\">A final word?<\/strong><\/h3>\n<p style=\"text-align: left;\" data-start=\"915\" data-end=\"1002\" data-is-last-node=\"\" data-is-only-node=\"\">If I had to say one, it would be that I hope this story never ends.<\/p>\n<p>[\/vc_column_text][\/vc_column][\/vc_row][vc_row css_animation=&#8221;&#8221; row_type=&#8221;row&#8221; use_row_as_full_screen_section=&#8221;no&#8221; type=&#8221;full_width&#8221; angled_section=&#8221;no&#8221; text_align=&#8221;left&#8221; background_image_as_pattern=&#8221;without_pattern&#8221;][vc_column]<div class=\"call_to_action normal\" style=\"\"><div class=\"container_inner\"><div class=\"two_columns_75_25 clearfix\"><div class=\"text_wrapper column1\"><div class=\"call_to_action_text \" style=\"\">\n<p style=\"text-align: center;\"><span style=\"font-size: 24px;\"><b>Discover Ch\u00e2teau de Montplaisant<\/b><\/span><\/p>\n<\/div><\/div><div class=\"button_wrapper column2\"><a itemprop=\"url\" href=\"https:\/\/www.votre-chateau-de-famille.com\/en\/chateau\/chateau-de-montplaisant\/\" class=\"qbutton white \" target=\"\" style=\"\" >Learn more<\/a><\/div><\/div><\/div><\/div>[\/vc_column][\/vc_row][vc_row css_animation=&#8221;&#8221; row_type=&#8221;row&#8221; use_row_as_full_screen_section=&#8221;no&#8221; type=&#8221;full_width&#8221; angled_section=&#8221;no&#8221; text_align=&#8221;left&#8221; background_image_as_pattern=&#8221;without_pattern&#8221;][vc_column][\/vc_column][\/vc_row]<\/p>\n<\/div>","protected":false},"excerpt":{"rendered":"<p>Jean-Fran\u00e7ois L\u00e9cole, co-owner of the Ch\u00e2teau de Montplaisant, speaks with passion about the history and everyday life of this family ch\u00e2teau&#8230;<\/p>\n","protected":false},"author":1,"featured_media":33792,"comment_status":"closed","ping_status":"closed","sticky":false,"template":"","format":"standard","meta":{"_acf_changed":false,"footnotes":""},"categories":[50],"tags":[],"class_list":["post-67220","post","type-post","status-publish","format-standard","has-post-thumbnail","hentry","category-uncategorized"],"acf":[],"yoast_head":"<!-- This site is optimized with the Yoast SEO plugin v27.3 - https:\/\/yoast.com\/product\/yoast-seo-wordpress\/ -->\n<title>Interview with Jean-Fran\u00e7ois L\u00e9cole at Ch\u00e2teau de Montplaisant<\/title>\n<meta name=\"description\" content=\"Jean-Fran\u00e7ois L\u00e9cole, co-owner of the Ch\u00e2teau de Montplaisant, speaks with passion about the history and everyday life of this family ch\u00e2teau...\" \/>\n<meta name=\"robots\" content=\"index, follow, max-snippet:-1, max-image-preview:large, max-video-preview:-1\" \/>\n<link rel=\"canonical\" href=\"https:\/\/www.votre-chateau-de-famille.com\/en\/2025\/10\/22\/interview-jean-francois-lecole-montplaisant\/\" \/>\n<meta property=\"og:locale\" content=\"en_US\" \/>\n<meta property=\"og:type\" content=\"article\" \/>\n<meta property=\"og:title\" content=\"Interview with Jean-Fran\u00e7ois L\u00e9cole at Ch\u00e2teau de Montplaisant\" \/>\n<meta property=\"og:description\" content=\"Jean-Fran\u00e7ois L\u00e9cole, co-owner of the Ch\u00e2teau de Montplaisant, speaks with passion about the history and everyday life of this family ch\u00e2teau...\" \/>\n<meta property=\"og:url\" content=\"https:\/\/www.votre-chateau-de-famille.com\/en\/2025\/10\/22\/interview-jean-francois-lecole-montplaisant\/\" \/>\n<meta property=\"og:site_name\" content=\"Votre Chateau de Famille\" \/>\n<meta property=\"article:publisher\" content=\"https:\/\/www.facebook.com\/votrechateaudefamille\/\" \/>\n<meta property=\"article:published_time\" content=\"2025-10-22T14:05:23+00:00\" \/>\n<meta property=\"article:modified_time\" content=\"2025-11-05T09:02:08+00:00\" \/>\n<meta property=\"og:image\" content=\"http:\/\/www.votre-chateau-de-famille.com\/wp-content\/uploads\/2022\/11\/Chateau-Montplaisant_Vingette-2.jpg\" \/>\n\t<meta property=\"og:image:width\" content=\"1980\" \/>\n\t<meta property=\"og:image:height\" content=\"990\" \/>\n\t<meta property=\"og:image:type\" content=\"image\/jpeg\" \/>\n<meta name=\"author\" content=\"Votre ch\u00e2teau de famille\" \/>\n<meta name=\"twitter:card\" content=\"summary_large_image\" \/>\n<meta name=\"twitter:label1\" content=\"Written by\" \/>\n\t<meta name=\"twitter:data1\" content=\"Votre ch\u00e2teau de famille\" \/>\n\t<meta name=\"twitter:label2\" content=\"Est. reading time\" \/>\n\t<meta name=\"twitter:data2\" content=\"12 minutes\" \/>\n<script type=\"application\/ld+json\" class=\"yoast-schema-graph\">{\"@context\":\"https:\\\/\\\/schema.org\",\"@graph\":[{\"@type\":\"Article\",\"@id\":\"https:\\\/\\\/www.votre-chateau-de-famille.com\\\/en\\\/2025\\\/10\\\/22\\\/interview-jean-francois-lecole-montplaisant\\\/#article\",\"isPartOf\":{\"@id\":\"https:\\\/\\\/www.votre-chateau-de-famille.com\\\/en\\\/2025\\\/10\\\/22\\\/interview-jean-francois-lecole-montplaisant\\\/\"},\"author\":{\"name\":\"Votre ch\u00e2teau de famille\",\"@id\":\"https:\\\/\\\/www.votre-chateau-de-famille.com\\\/en\\\/#\\\/schema\\\/person\\\/3275000062c75f85bfcc5646604bcc49\"},\"headline\":\"A Conversation with Jean-Fran\u00e7ois L\u00e9cole at the Ch\u00e2teau de Montplaisant\",\"datePublished\":\"2025-10-22T14:05:23+00:00\",\"dateModified\":\"2025-11-05T09:02:08+00:00\",\"mainEntityOfPage\":{\"@id\":\"https:\\\/\\\/www.votre-chateau-de-famille.com\\\/en\\\/2025\\\/10\\\/22\\\/interview-jean-francois-lecole-montplaisant\\\/\"},\"wordCount\":2330,\"publisher\":{\"@id\":\"https:\\\/\\\/www.votre-chateau-de-famille.com\\\/en\\\/#organization\"},\"image\":{\"@id\":\"https:\\\/\\\/www.votre-chateau-de-famille.com\\\/en\\\/2025\\\/10\\\/22\\\/interview-jean-francois-lecole-montplaisant\\\/#primaryimage\"},\"thumbnailUrl\":\"https:\\\/\\\/www.votre-chateau-de-famille.com\\\/wp-content\\\/uploads\\\/2022\\\/11\\\/Chateau-Montplaisant_Vingette-2.jpg\",\"inLanguage\":\"en-US\"},{\"@type\":\"WebPage\",\"@id\":\"https:\\\/\\\/www.votre-chateau-de-famille.com\\\/en\\\/2025\\\/10\\\/22\\\/interview-jean-francois-lecole-montplaisant\\\/\",\"url\":\"https:\\\/\\\/www.votre-chateau-de-famille.com\\\/en\\\/2025\\\/10\\\/22\\\/interview-jean-francois-lecole-montplaisant\\\/\",\"name\":\"Interview with Jean-Fran\u00e7ois L\u00e9cole at Ch\u00e2teau de Montplaisant\",\"isPartOf\":{\"@id\":\"https:\\\/\\\/www.votre-chateau-de-famille.com\\\/en\\\/#website\"},\"primaryImageOfPage\":{\"@id\":\"https:\\\/\\\/www.votre-chateau-de-famille.com\\\/en\\\/2025\\\/10\\\/22\\\/interview-jean-francois-lecole-montplaisant\\\/#primaryimage\"},\"image\":{\"@id\":\"https:\\\/\\\/www.votre-chateau-de-famille.com\\\/en\\\/2025\\\/10\\\/22\\\/interview-jean-francois-lecole-montplaisant\\\/#primaryimage\"},\"thumbnailUrl\":\"https:\\\/\\\/www.votre-chateau-de-famille.com\\\/wp-content\\\/uploads\\\/2022\\\/11\\\/Chateau-Montplaisant_Vingette-2.jpg\",\"datePublished\":\"2025-10-22T14:05:23+00:00\",\"dateModified\":\"2025-11-05T09:02:08+00:00\",\"description\":\"Jean-Fran\u00e7ois L\u00e9cole, co-owner of the Ch\u00e2teau de Montplaisant, speaks with passion about the history and everyday life of this family ch\u00e2teau...\",\"breadcrumb\":{\"@id\":\"https:\\\/\\\/www.votre-chateau-de-famille.com\\\/en\\\/2025\\\/10\\\/22\\\/interview-jean-francois-lecole-montplaisant\\\/#breadcrumb\"},\"inLanguage\":\"en-US\",\"potentialAction\":[{\"@type\":\"ReadAction\",\"target\":[\"https:\\\/\\\/www.votre-chateau-de-famille.com\\\/en\\\/2025\\\/10\\\/22\\\/interview-jean-francois-lecole-montplaisant\\\/\"]}]},{\"@type\":\"ImageObject\",\"inLanguage\":\"en-US\",\"@id\":\"https:\\\/\\\/www.votre-chateau-de-famille.com\\\/en\\\/2025\\\/10\\\/22\\\/interview-jean-francois-lecole-montplaisant\\\/#primaryimage\",\"url\":\"https:\\\/\\\/www.votre-chateau-de-famille.com\\\/wp-content\\\/uploads\\\/2022\\\/11\\\/Chateau-Montplaisant_Vingette-2.jpg\",\"contentUrl\":\"https:\\\/\\\/www.votre-chateau-de-famille.com\\\/wp-content\\\/uploads\\\/2022\\\/11\\\/Chateau-Montplaisant_Vingette-2.jpg\",\"width\":1980,\"height\":990,\"caption\":\"Une vue a\u00e9rienne de la fa\u00e7ade arri\u00e8re et du jardin du Ch\u00e2teau de Montplaisant.\"},{\"@type\":\"BreadcrumbList\",\"@id\":\"https:\\\/\\\/www.votre-chateau-de-famille.com\\\/en\\\/2025\\\/10\\\/22\\\/interview-jean-francois-lecole-montplaisant\\\/#breadcrumb\",\"itemListElement\":[{\"@type\":\"ListItem\",\"position\":1,\"name\":\"Accueil\",\"item\":\"https:\\\/\\\/www.votre-chateau-de-famille.com\\\/en\\\/\"},{\"@type\":\"ListItem\",\"position\":2,\"name\":\"A Conversation with Jean-Fran\u00e7ois L\u00e9cole at the Ch\u00e2teau de Montplaisant\"}]},{\"@type\":\"WebSite\",\"@id\":\"https:\\\/\\\/www.votre-chateau-de-famille.com\\\/en\\\/#website\",\"url\":\"https:\\\/\\\/www.votre-chateau-de-famille.com\\\/en\\\/\",\"name\":\"Votre Chateau de Famille\",\"description\":\"Location d&#039;un ch\u00e2teau rien que pour vous !\",\"publisher\":{\"@id\":\"https:\\\/\\\/www.votre-chateau-de-famille.com\\\/en\\\/#organization\"},\"potentialAction\":[{\"@type\":\"SearchAction\",\"target\":{\"@type\":\"EntryPoint\",\"urlTemplate\":\"https:\\\/\\\/www.votre-chateau-de-famille.com\\\/en\\\/?s={search_term_string}\"},\"query-input\":{\"@type\":\"PropertyValueSpecification\",\"valueRequired\":true,\"valueName\":\"search_term_string\"}}],\"inLanguage\":\"en-US\"},{\"@type\":\"Organization\",\"@id\":\"https:\\\/\\\/www.votre-chateau-de-famille.com\\\/en\\\/#organization\",\"name\":\"Votre Ch\u00e2teau de Famille\",\"url\":\"https:\\\/\\\/www.votre-chateau-de-famille.com\\\/en\\\/\",\"logo\":{\"@type\":\"ImageObject\",\"inLanguage\":\"en-US\",\"@id\":\"https:\\\/\\\/www.votre-chateau-de-famille.com\\\/en\\\/#\\\/schema\\\/logo\\\/image\\\/\",\"url\":\"https:\\\/\\\/www.votre-chateau-de-famille.com\\\/wp-content\\\/uploads\\\/2020\\\/03\\\/cropped-Logo-Final.png\",\"contentUrl\":\"https:\\\/\\\/www.votre-chateau-de-famille.com\\\/wp-content\\\/uploads\\\/2020\\\/03\\\/cropped-Logo-Final.png\",\"width\":512,\"height\":512,\"caption\":\"Votre Ch\u00e2teau de Famille\"},\"image\":{\"@id\":\"https:\\\/\\\/www.votre-chateau-de-famille.com\\\/en\\\/#\\\/schema\\\/logo\\\/image\\\/\"},\"sameAs\":[\"https:\\\/\\\/www.facebook.com\\\/votrechateaudefamille\\\/\",\"https:\\\/\\\/www.instagram.com\\\/votrechateaudefamille\\\/\",\"https:\\\/\\\/www.linkedin.com\\\/company\\\/votre-chateau-de-famille\\\/\"]},{\"@type\":\"Person\",\"@id\":\"https:\\\/\\\/www.votre-chateau-de-famille.com\\\/en\\\/#\\\/schema\\\/person\\\/3275000062c75f85bfcc5646604bcc49\",\"name\":\"Votre ch\u00e2teau de famille\",\"image\":{\"@type\":\"ImageObject\",\"inLanguage\":\"en-US\",\"@id\":\"https:\\\/\\\/secure.gravatar.com\\\/avatar\\\/003c61453d4d1a4e2c681a3ef0a111d490b9310432dc8c667b0924dca7d7f2a8?s=96&d=mm&r=g\",\"url\":\"https:\\\/\\\/secure.gravatar.com\\\/avatar\\\/003c61453d4d1a4e2c681a3ef0a111d490b9310432dc8c667b0924dca7d7f2a8?s=96&d=mm&r=g\",\"contentUrl\":\"https:\\\/\\\/secure.gravatar.com\\\/avatar\\\/003c61453d4d1a4e2c681a3ef0a111d490b9310432dc8c667b0924dca7d7f2a8?s=96&d=mm&r=g\",\"caption\":\"Votre ch\u00e2teau de famille\"}}]}<\/script>\n<!-- \/ Yoast SEO plugin. -->","yoast_head_json":{"title":"Interview with Jean-Fran\u00e7ois L\u00e9cole at Ch\u00e2teau de Montplaisant","description":"Jean-Fran\u00e7ois L\u00e9cole, co-owner of the Ch\u00e2teau de Montplaisant, speaks with passion about the history and everyday life of this family ch\u00e2teau...","robots":{"index":"index","follow":"follow","max-snippet":"max-snippet:-1","max-image-preview":"max-image-preview:large","max-video-preview":"max-video-preview:-1"},"canonical":"https:\/\/www.votre-chateau-de-famille.com\/en\/2025\/10\/22\/interview-jean-francois-lecole-montplaisant\/","og_locale":"en_US","og_type":"article","og_title":"Interview with Jean-Fran\u00e7ois L\u00e9cole at Ch\u00e2teau de Montplaisant","og_description":"Jean-Fran\u00e7ois L\u00e9cole, co-owner of the Ch\u00e2teau de Montplaisant, speaks with passion about the history and everyday life of this family ch\u00e2teau...","og_url":"https:\/\/www.votre-chateau-de-famille.com\/en\/2025\/10\/22\/interview-jean-francois-lecole-montplaisant\/","og_site_name":"Votre Chateau de Famille","article_publisher":"https:\/\/www.facebook.com\/votrechateaudefamille\/","article_published_time":"2025-10-22T14:05:23+00:00","article_modified_time":"2025-11-05T09:02:08+00:00","og_image":[{"width":1980,"height":990,"url":"http:\/\/www.votre-chateau-de-famille.com\/wp-content\/uploads\/2022\/11\/Chateau-Montplaisant_Vingette-2.jpg","type":"image\/jpeg"}],"author":"Votre ch\u00e2teau de famille","twitter_card":"summary_large_image","twitter_misc":{"Written by":"Votre ch\u00e2teau de famille","Est. reading time":"12 minutes"},"schema":{"@context":"https:\/\/schema.org","@graph":[{"@type":"Article","@id":"https:\/\/www.votre-chateau-de-famille.com\/en\/2025\/10\/22\/interview-jean-francois-lecole-montplaisant\/#article","isPartOf":{"@id":"https:\/\/www.votre-chateau-de-famille.com\/en\/2025\/10\/22\/interview-jean-francois-lecole-montplaisant\/"},"author":{"name":"Votre ch\u00e2teau de famille","@id":"https:\/\/www.votre-chateau-de-famille.com\/en\/#\/schema\/person\/3275000062c75f85bfcc5646604bcc49"},"headline":"A Conversation with Jean-Fran\u00e7ois L\u00e9cole at the Ch\u00e2teau de Montplaisant","datePublished":"2025-10-22T14:05:23+00:00","dateModified":"2025-11-05T09:02:08+00:00","mainEntityOfPage":{"@id":"https:\/\/www.votre-chateau-de-famille.com\/en\/2025\/10\/22\/interview-jean-francois-lecole-montplaisant\/"},"wordCount":2330,"publisher":{"@id":"https:\/\/www.votre-chateau-de-famille.com\/en\/#organization"},"image":{"@id":"https:\/\/www.votre-chateau-de-famille.com\/en\/2025\/10\/22\/interview-jean-francois-lecole-montplaisant\/#primaryimage"},"thumbnailUrl":"https:\/\/www.votre-chateau-de-famille.com\/wp-content\/uploads\/2022\/11\/Chateau-Montplaisant_Vingette-2.jpg","inLanguage":"en-US"},{"@type":"WebPage","@id":"https:\/\/www.votre-chateau-de-famille.com\/en\/2025\/10\/22\/interview-jean-francois-lecole-montplaisant\/","url":"https:\/\/www.votre-chateau-de-famille.com\/en\/2025\/10\/22\/interview-jean-francois-lecole-montplaisant\/","name":"Interview with Jean-Fran\u00e7ois L\u00e9cole at Ch\u00e2teau de Montplaisant","isPartOf":{"@id":"https:\/\/www.votre-chateau-de-famille.com\/en\/#website"},"primaryImageOfPage":{"@id":"https:\/\/www.votre-chateau-de-famille.com\/en\/2025\/10\/22\/interview-jean-francois-lecole-montplaisant\/#primaryimage"},"image":{"@id":"https:\/\/www.votre-chateau-de-famille.com\/en\/2025\/10\/22\/interview-jean-francois-lecole-montplaisant\/#primaryimage"},"thumbnailUrl":"https:\/\/www.votre-chateau-de-famille.com\/wp-content\/uploads\/2022\/11\/Chateau-Montplaisant_Vingette-2.jpg","datePublished":"2025-10-22T14:05:23+00:00","dateModified":"2025-11-05T09:02:08+00:00","description":"Jean-Fran\u00e7ois L\u00e9cole, co-owner of the Ch\u00e2teau de Montplaisant, speaks with passion about the history and everyday life of this family ch\u00e2teau...","breadcrumb":{"@id":"https:\/\/www.votre-chateau-de-famille.com\/en\/2025\/10\/22\/interview-jean-francois-lecole-montplaisant\/#breadcrumb"},"inLanguage":"en-US","potentialAction":[{"@type":"ReadAction","target":["https:\/\/www.votre-chateau-de-famille.com\/en\/2025\/10\/22\/interview-jean-francois-lecole-montplaisant\/"]}]},{"@type":"ImageObject","inLanguage":"en-US","@id":"https:\/\/www.votre-chateau-de-famille.com\/en\/2025\/10\/22\/interview-jean-francois-lecole-montplaisant\/#primaryimage","url":"https:\/\/www.votre-chateau-de-famille.com\/wp-content\/uploads\/2022\/11\/Chateau-Montplaisant_Vingette-2.jpg","contentUrl":"https:\/\/www.votre-chateau-de-famille.com\/wp-content\/uploads\/2022\/11\/Chateau-Montplaisant_Vingette-2.jpg","width":1980,"height":990,"caption":"Une vue a\u00e9rienne de la fa\u00e7ade arri\u00e8re et du jardin du Ch\u00e2teau de Montplaisant."},{"@type":"BreadcrumbList","@id":"https:\/\/www.votre-chateau-de-famille.com\/en\/2025\/10\/22\/interview-jean-francois-lecole-montplaisant\/#breadcrumb","itemListElement":[{"@type":"ListItem","position":1,"name":"Accueil","item":"https:\/\/www.votre-chateau-de-famille.com\/en\/"},{"@type":"ListItem","position":2,"name":"A Conversation with Jean-Fran\u00e7ois L\u00e9cole at the Ch\u00e2teau de Montplaisant"}]},{"@type":"WebSite","@id":"https:\/\/www.votre-chateau-de-famille.com\/en\/#website","url":"https:\/\/www.votre-chateau-de-famille.com\/en\/","name":"Votre Chateau de Famille","description":"Location d&#039;un ch\u00e2teau rien que pour vous !","publisher":{"@id":"https:\/\/www.votre-chateau-de-famille.com\/en\/#organization"},"potentialAction":[{"@type":"SearchAction","target":{"@type":"EntryPoint","urlTemplate":"https:\/\/www.votre-chateau-de-famille.com\/en\/?s={search_term_string}"},"query-input":{"@type":"PropertyValueSpecification","valueRequired":true,"valueName":"search_term_string"}}],"inLanguage":"en-US"},{"@type":"Organization","@id":"https:\/\/www.votre-chateau-de-famille.com\/en\/#organization","name":"Votre Ch\u00e2teau de Famille","url":"https:\/\/www.votre-chateau-de-famille.com\/en\/","logo":{"@type":"ImageObject","inLanguage":"en-US","@id":"https:\/\/www.votre-chateau-de-famille.com\/en\/#\/schema\/logo\/image\/","url":"https:\/\/www.votre-chateau-de-famille.com\/wp-content\/uploads\/2020\/03\/cropped-Logo-Final.png","contentUrl":"https:\/\/www.votre-chateau-de-famille.com\/wp-content\/uploads\/2020\/03\/cropped-Logo-Final.png","width":512,"height":512,"caption":"Votre Ch\u00e2teau de Famille"},"image":{"@id":"https:\/\/www.votre-chateau-de-famille.com\/en\/#\/schema\/logo\/image\/"},"sameAs":["https:\/\/www.facebook.com\/votrechateaudefamille\/","https:\/\/www.instagram.com\/votrechateaudefamille\/","https:\/\/www.linkedin.com\/company\/votre-chateau-de-famille\/"]},{"@type":"Person","@id":"https:\/\/www.votre-chateau-de-famille.com\/en\/#\/schema\/person\/3275000062c75f85bfcc5646604bcc49","name":"Votre ch\u00e2teau de famille","image":{"@type":"ImageObject","inLanguage":"en-US","@id":"https:\/\/secure.gravatar.com\/avatar\/003c61453d4d1a4e2c681a3ef0a111d490b9310432dc8c667b0924dca7d7f2a8?s=96&d=mm&r=g","url":"https:\/\/secure.gravatar.com\/avatar\/003c61453d4d1a4e2c681a3ef0a111d490b9310432dc8c667b0924dca7d7f2a8?s=96&d=mm&r=g","contentUrl":"https:\/\/secure.gravatar.com\/avatar\/003c61453d4d1a4e2c681a3ef0a111d490b9310432dc8c667b0924dca7d7f2a8?s=96&d=mm&r=g","caption":"Votre ch\u00e2teau de famille"}}]}},"_links":{"self":[{"href":"https:\/\/www.votre-chateau-de-famille.com\/en\/wp-json\/wp\/v2\/posts\/67220","targetHints":{"allow":["GET"]}}],"collection":[{"href":"https:\/\/www.votre-chateau-de-famille.com\/en\/wp-json\/wp\/v2\/posts"}],"about":[{"href":"https:\/\/www.votre-chateau-de-famille.com\/en\/wp-json\/wp\/v2\/types\/post"}],"author":[{"embeddable":true,"href":"https:\/\/www.votre-chateau-de-famille.com\/en\/wp-json\/wp\/v2\/users\/1"}],"replies":[{"embeddable":true,"href":"https:\/\/www.votre-chateau-de-famille.com\/en\/wp-json\/wp\/v2\/comments?post=67220"}],"version-history":[{"count":0,"href":"https:\/\/www.votre-chateau-de-famille.com\/en\/wp-json\/wp\/v2\/posts\/67220\/revisions"}],"wp:featuredmedia":[{"embeddable":true,"href":"https:\/\/www.votre-chateau-de-famille.com\/en\/wp-json\/wp\/v2\/media\/33792"}],"wp:attachment":[{"href":"https:\/\/www.votre-chateau-de-famille.com\/en\/wp-json\/wp\/v2\/media?parent=67220"}],"wp:term":[{"taxonomy":"category","embeddable":true,"href":"https:\/\/www.votre-chateau-de-famille.com\/en\/wp-json\/wp\/v2\/categories?post=67220"},{"taxonomy":"post_tag","embeddable":true,"href":"https:\/\/www.votre-chateau-de-famille.com\/en\/wp-json\/wp\/v2\/tags?post=67220"}],"curies":[{"name":"wp","href":"https:\/\/api.w.org\/{rel}","templated":true}]}}