{"id":23786,"date":"2022-02-17T15:54:43","date_gmt":"2022-02-17T14:54:43","guid":{"rendered":"https:\/\/www.votre-chateau-de-famille.com\/?p=23786"},"modified":"2026-09-01T11:46:17","modified_gmt":"2026-09-01T09:46:17","slug":"garraube-une-propriete-en-perigord-ses-origines-son-histoire","status":"publish","type":"post","link":"https:\/\/www.votre-chateau-de-famille.com\/en\/2022\/02\/17\/garraube-une-propriete-en-perigord-ses-origines-son-histoire\/","title":{"rendered":"Vacances au ch\u00e2teau de Garraube : une histoire de famille."},"content":{"rendered":"<p>Garraube ne se livre pas facilement, Garraube se m\u00e9rite, c\u2019est en effet une des propri\u00e9t\u00e9s les plus secr\u00e8tes du P\u00e9rigord en Dordogne. Vous d\u00e9couvrirez <a href=\"https:\/\/www.votre-chateau-de-famille.com\/chateau\/chateau-de-garraube\/\">Garraube<\/a> apr\u00e8s avoir remont\u00e9 son all\u00e9e longue de 1,7 km \u00e0 la lisi\u00e8re de la for\u00eat de Liorac ; vous d\u00e9couvrirez \u00e0 la fois cette maison, son site exceptionnel et la nature exub\u00e9rante qui l\u2019entoure. Un \u00e9crin id\u00e9al pour vos vacances en famille, plongez dans son histoire !<br \/>\nGarraube,\u00a0 c\u2019est une histoire, celle de ses habitants, celle de ses murs, celle aussi d\u2019un grand domaine foncier. En effet, <a href=\"https:\/\/www.votre-chateau-de-famille.com\/chateau\/chateau-de-garraube\/\">Garraube<\/a> a compt\u00e9 jusqu\u2019\u00e0 2\u00a0000 hectares jusqu\u2019\u00e0 la fin du XIXe si\u00e8cle, il en comptait encore 700 lors de sa mise en vente en 1923; il nous en reste 270, ce qui est modeste mais suffisant pour nous prot\u00e9ger car nous sommes chez nous o\u00f9 que nous tournions le regard.<br \/>\nLa particularit\u00e9 de Garraube c\u2019est aussi de n\u2019avoir connu que deux familles\u00a0; la premi\u00e8re y a v\u00e9cu 450 ans, la seconde, la mienne, passe tout juste le cap des 100 ans.<\/p>\n<h2><span style=\"color: #a9856d;\"><strong>Des vacances l\u00e9gendaires dans un ch\u00e2teau aux origines l\u00e9gendaires !<\/strong><\/span><\/h2>\n<p>De l\u2019autre c\u00f4t\u00e9 de la colline qui fait face \u00e0 <a href=\"https:\/\/www.votre-chateau-de-famille.com\/chateau\/chateau-de-garraube\/\">Garraube<\/a>, dans un fond de vall\u00e9e, se trouve le vieux donjon f\u00e9odal de Cl\u00e9rans, un des plus anciens du P\u00e9rigord. Cl\u00e9rans a jou\u00e9 un r\u00f4le important entre le XIe et le XVe si\u00e8cle, sans cesse disput\u00e9 entre les couronnes anglaises et cap\u00e9tiennes.<br \/>\nVers 1405, un des derniers capitaines du Cl\u00e9rans anglais, qui d\u00e9pendait alors des Beaufort de Limeuil, s\u2019appelait H\u00e9lie Walton. Ces Walton, d\u2019origine anglaise, ou irlandaise, on ne sait pas bien, semblent \u00eatre arriv\u00e9s en Aquitaine au d\u00e9but de la guerre de cent ans. On conna\u00eet un St\u00e9phane Walton d\u00e8s 1396. Ils semblent s\u2019\u00eatre enrichis rapidement, ils auraient \u00e9t\u00e9 marchands d\u2019armes.<br \/>\nToujours est-il qu\u2019H\u00e9lie Walton devint certainement tr\u00e8s vite familier du site qui allait devenir <a href=\"https:\/\/www.votre-chateau-de-famille.com\/chateau\/chateau-de-garraube\/\">Garraube<\/a>, \u00e0 quelques minutes \u00e0 cheval de Cl\u00e9rans. Peut- \u00eatre venait-il y chasser. Ce vallon tranquille, sans doute tr\u00e8s simplement habit\u00e9 \u00e0 cette \u00e9poque, contenait tout ce qui pouvait convenir \u00e0 un \u00e9tablissement durable : de l\u2019eau en abondance (nous connaissons dix-huit sources), des terres riches, une for\u00eat voisine avec des ch\u00eanes \u00e0 glands, des ch\u00e2taigniers \u2026, un \u00e9peron rocheux propre \u00e0 la construction\u2026Rien de tout cela ne devait \u00e9chapper \u00e0 H\u00e9lie.<div class=\"et_pb_slider et_pb_slider_fullwidth_off et_pb_gallery_post_type\">\n\t\t\t\t<div class=\"et_pb_slides\">\n\t\t\t\t\t<div class=\"et_pb_slide\" style=\"background: url(https:\/\/www.votre-chateau-de-famille.com\/wp-content\/uploads\/2022\/04\/Chateau-Garraube-Arienne-.jpg);\"><\/div><div class=\"et_pb_slide\" style=\"background: url(https:\/\/www.votre-chateau-de-famille.com\/wp-content\/uploads\/2022\/04\/Chateau-Garraube-0875.jpg);\"><\/div><div class=\"et_pb_slide\" style=\"background: url(https:\/\/www.votre-chateau-de-famille.com\/wp-content\/uploads\/2022\/04\/Chateau-Garraube-8526.jpg);\"><\/div>\n\t\t\t\t<\/div>\n\t\t\t<\/div><div class=\"et_pb_slider et_pb_slider_fullwidth_off et_pb_gallery_post_type\">\n\t\t\t\t<div class=\"et_pb_slides\">\n\t\t\t\t\t<div class=\"et_pb_slide\" style=\"background: url(https:\/\/www.votre-chateau-de-famille.com\/wp-content\/uploads\/2022\/04\/Chateau-Garraube-0866.jpg);\"><\/div><div class=\"et_pb_slide\" style=\"background: url(https:\/\/www.votre-chateau-de-famille.com\/wp-content\/uploads\/2022\/04\/Chateau-Garraube_Arienne-0754.jpg);\"><\/div><div class=\"et_pb_slide\" style=\"background: url(https:\/\/www.votre-chateau-de-famille.com\/wp-content\/uploads\/2022\/04\/Chateau-Garraube-0647.jpg);\"><\/div>\n\t\t\t\t<\/div>\n\t\t\t<\/div>En \u00a0octobre 1453, apr\u00e8s la bataille de Castillon en Dordogne, les anglais rembarquent \u00e0 Bordeaux. Pas les Walton, d\u00e9j\u00e0 nombreux en P\u00e9rigord, qui ont commenc\u00e9 \u00e0 s\u2019\u00e9tablir \u00e0 l\u2019est de Bergerac, et peut-\u00eatre d\u00e9j\u00e0 \u00e0 Garraube. Mais les Walton ne s\u2019appellent plus Walton, ils s\u2019appelleront d\u00e9sormais Valleton et vont devenir sous ce nom une des grandes familles du Bergeracois. Tr\u00e8s vite ils \u00e9pousent des demoiselles du pays, fort bien choisies et g\u00e9n\u00e9ralement fortun\u00e9es : H\u00e9lie Walton avait \u00e9pous\u00e9 Peyronne de Sanclar, son fils Thomy, devenu Valleton, \u00e9pouse Henrique de Biderand.<br \/>\nLe nom de \u00ab\u00a0la Garraubia\u00a0\u00bb est attest\u00e9 d\u00e8s 1460\u00a0; ce nom pourrait provenir d\u2019une c\u00e9r\u00e9ale locale appel\u00e9e \u00ab\u00a0la garraube\u00a0\u00bb, mais aussi du caroubier, que l\u2019on trouve encore sur la propri\u00e9t\u00e9. Cette Garraubia semble succ\u00e9der \u00e0 un \u00ab\u00a0manse\u00a0\u00bbplus ancien, c\u2019est-\u00e0-dire une modeste exploitation familiale, que les Valleton ont sans doute rachet\u00e9e et agrandie. Il y eut donc \u00e0 la fin du XV\u00e8 si\u00e8cle une premi\u00e8re construction Valleton \u00e0 Garraube\u00a0; maison forte, certainement, car les temps resteront longtemps troubl\u00e9s, notamment au moment des guerres de religion. Disons tout de suite que nous sommes \u00e0 Garraube en plein pays protestant\u00a0; il y aura un temple \u00e0 Cl\u00e8rans, un autre au hameau de Filolie, tout proche. Les Valleton ont ralli\u00e9 tr\u00e8s t\u00f4t la r\u00e9forme et la plupart lui resteront fid\u00e8les\u00a0; Garraube sera une maison protestante jusqu\u2019\u00e0 la fin du XIX\u00e8 si\u00e8cle.<br \/>\nNous n\u2019avons aucune trace directe de ce premier \u00e9tablissement, seulement quelques traces inexpliqu\u00e9es dans le sous-sol du Garraube actuel, et nous ne savons pas grand- chose de l\u2019histoire des Valleton et de Garraube au XVIe et au d\u00e9but du XVIIe si\u00e8cle. La puissance de la famille continue de s\u2019accro\u00eetre\u00a0; un pas d\u00e9cisif est franchi avec Jean II Valleton (comme les Valleton s\u2019appellent souvent Jean, on est oblig\u00e9 de les num\u00e9roter) qui re\u00e7oit en 1613 le titre de Receveur des Tailles en P\u00e9rigord.[action full_width=&#8221;yes&#8221; content_in_grid=&#8221;yes&#8221; type=&#8221;normal&#8221; text_font_weight=&#8221;&#8221; show_button=&#8221;yes&#8221; button_target=&#8221;_blank&#8221; button_text=&#8221;Contactez-nous&#8221; button_link=&#8221;https:\/\/www.votre-chateau-de-famille.com\/contact&#8221;]Un projet en t\u00eate ? Nous vous accompagnons pour sa r\u00e9alisation.[\/action]<\/p>\n<h2><strong>1650 \u00e0 1900 : deux si\u00e8cles et demi de grandeur.\u00a0<\/strong><\/h2>\n<p><div class=\"et_pb_slider et_pb_slider_fullwidth_off et_pb_gallery_post_type\">\n\t\t\t\t<div class=\"et_pb_slides\">\n\t\t\t\t\t<div class=\"et_pb_slide\" style=\"background: url(https:\/\/www.votre-chateau-de-famille.com\/wp-content\/uploads\/2022\/02\/Chateau-Garraube-1146.jpg);\"><\/div><div class=\"et_pb_slide\" style=\"background: url(https:\/\/www.votre-chateau-de-famille.com\/wp-content\/uploads\/2022\/04\/Chateau-Garraube_Arienne-0825.jpg);\"><\/div><div class=\"et_pb_slide\" style=\"background: url(https:\/\/www.votre-chateau-de-famille.com\/wp-content\/uploads\/2022\/04\/Chateau-Garraube-0758.jpg);\"><\/div><div class=\"et_pb_slide\" style=\"background: url(https:\/\/www.votre-chateau-de-famille.com\/wp-content\/uploads\/2022\/04\/Chateau-Garraube-007.jpg);\"><\/div><div class=\"et_pb_slide\" style=\"background: url(https:\/\/www.votre-chateau-de-famille.com\/wp-content\/uploads\/2022\/04\/Chateau-Garraube_Salle-a-manger-6.jpg);\"><\/div><div class=\"et_pb_slide\" style=\"background: url(https:\/\/www.votre-chateau-de-famille.com\/wp-content\/uploads\/2022\/04\/Chateau-Garraube_Salon-Hiver-3.jpg);\"><\/div>\n\t\t\t\t<\/div>\n\t\t\t<\/div>Vers 1650, nous retrouvons les Valleton, fort bien \u00e9tablis dans tout l\u2019est bergeracois. On peut les suivre \u00e0 la trace car ils portent les noms des propri\u00e9t\u00e9s qu\u2019ils ont acquises : Valleton de Boissi\u00e8re, Valleton du Roc, Valleton de la Tissanderie, Valleton de Genthial, et, bien s\u00fbr, Valleton de Garraube. Devenu propri\u00e9taire de Garraube \u00ab apr\u00e8s proc\u00e8s et transaction \u00bb, c\u2019est certainement Jean III, fils de Jean II qui fit construire la premi\u00e8re \u00e9bauche du Garraube actuel dans les ann\u00e9es 1670-1680 ; c\u2019est \u00e0 ce moment qu\u2019il prit le nom de Valleton de Boissi\u00e8re et de Garraube. En 1680 il rendit hommage au roi pour sa seigneurie de Garraube ; il avait \u00ab haute justice \u00bb dans les paroisses de Cause, Liorac et Saint-Cybard. Il eut plusieurs enfants de sa femme, Marie de Josset, dont deux fils, Josu\u00e9 et Jean IV, h\u00e9ritiers conjoints de Garraube. Mais apr\u00e8s un partage c\u2019est Jean IV qui en 1692 reprend propri\u00e9t\u00e9 et titre. Pour les protestants, les temps deviennent difficiles, l\u2019Edit de Nantes a \u00e9t\u00e9 r\u00e9voqu\u00e9 en 1685\u00a0; Jean IV et sa femme, Jeanne Sorbier, abjurent le protestantisme en 1705 \u00e0 l\u2019\u00e9glise de Liorac ( abjuration sans doute purement formelle)\u00a0; quant \u00e0 Josu\u00e9, il \u00e9migrera en 1730 et fondera la branche hollandaise des Valleton, qui existe toujours. (Nous voyons r\u00e9guli\u00e8rement arriver \u00e0 Garraube, avec des vieilles lettres ou photos, des descendants des Valleton hollandais. C\u2019est toujours tr\u00e8s touchant.)Apr\u00e8s Jean IV vient Pierre, \u00e9cuyer, seigneur de Garraube (Il se s\u00e9pare de la r\u00e9f\u00e9rence \u00e0 la Boissi\u00e8re) puis nous arrivons aux deux Valleton de Garraube les plus illustres, tous deux g\u00e9n\u00e9raux. Pour Garraube, c\u2019est l\u2019\u00e2ge d\u2019or. (Rappelons que sous Louis XVI, la situation des protestants s\u2019\u00e9tait consid\u00e9rablement am\u00e9lior\u00e9e\u00a0; l\u2019Edit de Tol\u00e9rance date de 1787. De grands notables protestants, comme Necker, pouvaient \u00eatre appel\u00e9s au gouvernement).<br \/>\nLe premier fut Joseph, \u00ab\u00a0chevalier de Garraube\u00a0\u00bb, capitaine aux cent suisses, colonel en 1789, mar\u00e9chal de camp en 1791. Il fut connu \u00e0 la cour de Louis XVI o\u00f9 sa femme, la tr\u00e8s belle Louise La Perche, eut dit-on un certain succ\u00e8s.<br \/>\nSon fils Jean Alexandre Valleton de Garraube, qui avait \u00e9galement commenc\u00e9 une carri\u00e8re militaire, se rallia \u00e0 Louis Philippe en 1830 et sera d\u00e9put\u00e9 de la Dordogne de 1831 \u00e0 1848, en m\u00eame temps que Bugeaud, Pr\u00e9v\u00f4t-Leygonie\u2026\u00a0\u00a0\u00a0\u00a0 Il sera mar\u00e9chal de camp en 1840 et commandant d\u2019une partie de la garnison de Paris.<br \/>\nSi nous avons gard\u00e9, particuli\u00e8rement,\u00a0 le souvenir de ces deux Valleton\u00a0 c\u2019est parce qu\u2019ils sont enterr\u00e9s \u00e0 Garraube. Rest\u00e9s protestants, ils se faisaient enterrer chez eux. Depuis cent ans nous veillons sur leurs tombes.<div class=\"et_pb_slider et_pb_slider_fullwidth_off et_pb_gallery_post_type\">\n\t\t\t\t<div class=\"et_pb_slides\">\n\t\t\t\t\t<div class=\"et_pb_slide\" style=\"background: url(https:\/\/www.votre-chateau-de-famille.com\/wp-content\/uploads\/2022\/04\/Chateau-Garraube_Couloir-2.jpg);\"><\/div><div class=\"et_pb_slide\" style=\"background: url(https:\/\/www.votre-chateau-de-famille.com\/wp-content\/uploads\/2022\/04\/Chateau-Garraube_Chambre-24.jpg);\"><\/div><div class=\"et_pb_slide\" style=\"background: url(https:\/\/www.votre-chateau-de-famille.com\/wp-content\/uploads\/2022\/04\/Chateau-Garraube-7053.jpg);\"><\/div><div class=\"et_pb_slide\" style=\"background: url(https:\/\/www.votre-chateau-de-famille.com\/wp-content\/uploads\/2022\/04\/Chateau-Garraube-132334.jpg);\"><\/div>\n\t\t\t\t<\/div>\n\t\t\t<\/div>[action full_width=&#8221;yes&#8221; content_in_grid=&#8221;yes&#8221; type=&#8221;normal&#8221; text_font_weight=&#8221;&#8221; show_button=&#8221;yes&#8221; button_target=&#8221;_blank&#8221; button_text=&#8221;D\u00e9couvrir le ch\u00e2teau&#8221; button_link=&#8221;https:\/\/www.votre-chateau-de-famille.com\/chateau\/chateau-de-garraude\/&#8221;]Vous souhaitez passer des vacances ou un weekend au ch\u00e2teau de Garraube ?[\/action]<\/p>\n<h2><strong>Une famille s\u2019en va, une autre arrive\u2026<\/strong><\/h2>\n<p>Le temps des Valleton est maintenant compt\u00e9\u00a0; Edmond , fils de Jean-Alexandre, h\u00e9rite de Garraube, mais, c\u00e9libataire, il le l\u00e8gue \u00e0 son neveu, Alb\u00e9ric Valleton de Boissi\u00e9re en 1899. Celui-ci laisse la propri\u00e9t\u00e9 pendant de nombreuses ann\u00e9es entre les mains d\u2019un marchand de biens, qui la d\u00e9boise largement. Puis, en 1923, Alb\u00e9ric vend Garraube \u00e0 mon grand-p\u00e8re, Jacques Laurent.<br \/>\nC\u2019est le d\u00e9but d\u2019une nouvelle \u00e8re. Jacques Laurent avait \u00e9t\u00e9 attir\u00e9 en Dordogne par deux camarades de guerre.<br \/>\nEn janvier 1940 un incendie accidentel d\u00e9truisit les 2\/3 du corps de logis principal de Garraube. Jacques Laurent, mobilis\u00e9, partit en captivit\u00e9 en Allemagne en juin 40 et ne revint qu\u2019en octobre 1941. Prisonnier de guerre, il consacra tout son temps \u00e0 faire les plans de la reconstruction de la maison. Nous conservons tous les dessins de sa main, marqu\u00e9s du tampon de l\u2019oflag de Pom\u00e9ranie o\u00f9 il a pass\u00e9 18 mois.<br \/>\nMa famille est maintenant \u00e9tablie \u00e0 Garraube depuis cinq g\u00e9n\u00e9rations. Mon grand-p\u00e8re en a \u00e9t\u00e9 le ma\u00eetre de 1923 \u00e0 1989 ; mes fr\u00e8res et s\u0153urs et moi-m\u00eame l\u2019avons repris en 1989 et nous nous effor\u00e7ons de le faire vivre avec la m\u00eame passion que les Valleton et Jacques Laurent. Nous sommes heureux de vous faire vivre l&#8217;histoire de Garraube pendant vos vacances en famille.<div class=\"et_pb_slider et_pb_slider_fullwidth_off et_pb_gallery_post_type\">\n\t\t\t\t<div class=\"et_pb_slides\">\n\t\t\t\t\t<div class=\"et_pb_slide\" style=\"background: url(https:\/\/www.votre-chateau-de-famille.com\/wp-content\/uploads\/2022\/04\/Chateau-Garraube-Arienne-.jpg);\"><\/div><div class=\"et_pb_slide\" style=\"background: url(https:\/\/www.votre-chateau-de-famille.com\/wp-content\/uploads\/2022\/02\/Chateau-Garraube-005-2.jpg);\"><\/div><div class=\"et_pb_slide\" style=\"background: url(https:\/\/www.votre-chateau-de-famille.com\/wp-content\/uploads\/2022\/04\/Chateau-Garraube-0819.jpg);\"><\/div><div class=\"et_pb_slide\" style=\"background: url(https:\/\/www.votre-chateau-de-famille.com\/wp-content\/uploads\/2022\/04\/Chateau-Garraube_Facade-.jpg);\"><\/div><div class=\"et_pb_slide\" style=\"background: url(https:\/\/www.votre-chateau-de-famille.com\/wp-content\/uploads\/2022\/04\/Chateau-Garraube_Chambre-8.jpg);\"><\/div><div class=\"et_pb_slide\" style=\"background: url(https:\/\/www.votre-chateau-de-famille.com\/wp-content\/uploads\/2022\/04\/Chateau-Garraube-2382.jpg);\"><\/div>\n\t\t\t\t<\/div>\n\t\t\t<\/div>[action full_width=&#8221;yes&#8221; content_in_grid=&#8221;yes&#8221; type=&#8221;normal&#8221; text_font_weight=&#8221;&#8221; show_button=&#8221;yes&#8221; button_text=&#8221;Contactez-nous&#8221; button_link=&#8221;https:\/\/www.votre-chateau-de-famille.com\/&#8221;]Vous souhaitez passer un s\u00e9jour \u00e0 Garraube?[\/action]<\/p>\n<h2><strong>Le charme d&#8217;une r\u00e9serve naturelle et le murmure de l&#8217;eau qui coule.<\/strong><\/h2>\n<p><div class=\"et_pb_slider et_pb_slider_fullwidth_off et_pb_gallery_post_type\">\n\t\t\t\t<div class=\"et_pb_slides\">\n\t\t\t\t\t<div class=\"et_pb_slide\" style=\"background: url(https:\/\/www.votre-chateau-de-famille.com\/wp-content\/uploads\/2022\/04\/Chateau-Garraube_Arienne-.jpg);\"><\/div><div class=\"et_pb_slide\" style=\"background: url(https:\/\/www.votre-chateau-de-famille.com\/wp-content\/uploads\/2022\/02\/Chateau-Garraube-051.jpg);\"><\/div><div class=\"et_pb_slide\" style=\"background: url(https:\/\/www.votre-chateau-de-famille.com\/wp-content\/uploads\/2022\/02\/Chateau-Garraube-7647.jpg);\"><\/div><div class=\"et_pb_slide\" style=\"background: url(https:\/\/www.votre-chateau-de-famille.com\/wp-content\/uploads\/2022\/04\/Chateau-Garraube-Bassin-.jpg);\"><\/div><div class=\"et_pb_slide\" style=\"background: url(https:\/\/www.votre-chateau-de-famille.com\/wp-content\/uploads\/2022\/04\/Chateau-Garraube-0096.jpg);\"><\/div><div class=\"et_pb_slide\" style=\"background: url(https:\/\/www.votre-chateau-de-famille.com\/wp-content\/uploads\/2022\/04\/Chateau-Garraube_Facade-6344.jpg);\"><\/div>\n\t\t\t\t<\/div>\n\t\t\t<\/div>Chaque si\u00e8cle apporta\u00a0 des modifications.<br \/>\nAu XVIIIe, on construisit le grand escalier ext\u00e9rieur devant lequel vous vous trouvez, avec ses belles ferronneries, tr\u00e8s bordelaises, dont on dit qu\u2019elles ont \u00e9t\u00e9 choisies par Louise La Perche, la femme de Joseph Valleton, qui \u00e9tait originaire de Tonneins. Un peu plus tard, sans doute sous Jean Alexandre, on am\u00e9nagea le parc, avec cette pi\u00e8ce d\u2019eau, que nous appelons vivier, qui met admirablement en valeur <a href=\"https:\/\/www.votre-chateau-de-famille.com\/chateau\/chateau-de-garraube\/\">Garraube<\/a> et dont le trac\u00e9 figure d\u00e9j\u00e0 sur le cadastre napol\u00e9onien.<br \/>\nAu XIXe, toujours avec Jean Alexandre, et avec Edmond, Garraube change compl\u00e9tement de proportions\u00a0: Le corps de logis est \u00e9largi pour cr\u00e9er la grande entr\u00e9e actuelle et la toiture est modifi\u00e9e en cons\u00e9quence. On cr\u00e9e aussi les deux petites serres devant les pavillons, avec leurs terrasses.<br \/>\nLes communs sont consid\u00e9rablement agrandis en 1857, avec la cr\u00e9ation des deux basse- cours.Mon grand-p\u00e8re ne changea rien, dans un premier temps, au Garraube dans lequel il venait de s\u2019installer. Comme je l\u2019ai dit, en janvier 1940, les 2\/3 du corps de logis principal et le pavillon sud-ouest se sont effondr\u00e9s dans les flammes avec tout ce qu\u2019ils contenaient. De 1944 \u00e0 1950, Jacques Laurent a reconstruit Garraube, avec les tr\u00e8s bons artisans qu\u2019il trouvait alors dans les villages voisins. Les ext\u00e9rieurs ont \u00e9t\u00e9 remont\u00e9s \u00e0 l\u2019identique, l\u2019int\u00e9rieur a \u00e9t\u00e9 profond\u00e9ment modifi\u00e9 et Garraube a pu devenir la maison tr\u00e8s confortable qu\u2019elle est aujourd\u2019hui.<br \/>\nDe tout cela, il demeure une originalit\u00e9 incontestable et une unit\u00e9 que les transformations n\u2019ont pas alt\u00e9r\u00e9es. Ceci a permis le classement de Garraube \u00e0 l\u2019Inventaire Suppl\u00e9mentaire de Monuments Historiques dans les ann\u00e9es 1990.<br \/>\nCe qui caract\u00e9rise aussi Garraube ce sont ses communs. Ils \u00e9voquent bien ce que pouvait \u00eatre, aux XVIIIe et XIXe, une grande propri\u00e9t\u00e9 fonci\u00e8re vivant pratiquement en autarcie, avec ses fermes et m\u00e9tairies, son moulin, son vivier, son four \u00e0 chaux, son pressoir, la for\u00eat toute proche qui produisait du bois de menuiserie et de charpente, du charbon de bois, des pav\u00e9s de gr\u00e9s \u2026<br \/>\nAujourd\u2019hui l\u2019activit\u00e9 agricole a pratiquement disparu et le domaine s\u2019est d\u00e9peupl\u00e9 mais gr\u00e2ce \u00e0 Jacques Laurent, qui a rebois\u00e9 d\u00e8s 1925, nous avons encore une tr\u00e8s belle for\u00eat de feuillus et Garraube est devenu une r\u00e9serve naturelle, sans statut pour le moment, mais tr\u00e8s riche en oiseaux, en chauves-souris, en papillons (que des sp\u00e9cialistes viennent observer r\u00e9guli\u00e8rement)\u2026et en \u00abzones humides\u00bb tr\u00e8s appr\u00e9ci\u00e9es des naturalistes. Le murmure permanent de l\u2019eau fait aussi partie du charme de <a href=\"https:\/\/www.votre-chateau-de-famille.com\/chateau\/chateau-de-garraube\/\">Garraube<\/a>.<div class=\"et_pb_slider et_pb_slider_fullwidth_off et_pb_gallery_post_type\">\n\t\t\t\t<div class=\"et_pb_slides\">\n\t\t\t\t\t<div class=\"et_pb_slide\" style=\"background: url(https:\/\/www.votre-chateau-de-famille.com\/wp-content\/uploads\/2022\/04\/Chateau-Garraube_Arienne-0847.jpg);\"><\/div><div class=\"et_pb_slide\" style=\"background: url(https:\/\/www.votre-chateau-de-famille.com\/wp-content\/uploads\/2022\/04\/Chateau-Garraube_Arienne-0754.jpg);\"><\/div><div class=\"et_pb_slide\" style=\"background: url(https:\/\/www.votre-chateau-de-famille.com\/wp-content\/uploads\/2022\/04\/Chateau-Garraube-.jpg);\"><\/div><div class=\"et_pb_slide\" style=\"background: url(https:\/\/www.votre-chateau-de-famille.com\/wp-content\/uploads\/2022\/04\/Chateau-Garraube-7378.jpg);\"><\/div><div class=\"et_pb_slide\" style=\"background: url(https:\/\/www.votre-chateau-de-famille.com\/wp-content\/uploads\/2022\/04\/Chateau-Garraube-088.jpg);\"><\/div><div class=\"et_pb_slide\" style=\"background: url(https:\/\/www.votre-chateau-de-famille.com\/wp-content\/uploads\/2022\/02\/Chateau-Garraube-1-2.jpg);\"><\/div>\n\t\t\t\t<\/div>\n\t\t\t<\/div><\/p>\n","protected":false},"excerpt":{"rendered":"<p>Vacances au ch\u00e2teau de Garraube, laissez vous s\u00e9duire par l&#8217;histoire du domaine<\/p>\n","protected":false},"author":1,"featured_media":25607,"comment_status":"closed","ping_status":"closed","sticky":false,"template":"","format":"standard","meta":{"_acf_changed":false,"_et_pb_use_builder":"","_et_pb_old_content":"","_et_gb_content_width":"","footnotes":""},"categories":[1,268],"tags":[],"dipi_cpt_category":[],"class_list":["post-23786","post","type-post","status-publish","format-standard","has-post-thumbnail","hentry","category-experiences","category-vacances"],"acf":[],"yoast_head":"<!-- This site is optimized with the Yoast SEO Premium plugin v28.3 (Yoast SEO v28.3) - https:\/\/yoast.com\/product\/yoast-seo-premium-wordpress\/ -->\n<title>Garraube, une propri\u00e9t\u00e9 en P\u00e9rigord | VCF<\/title>\n<meta name=\"description\" content=\"D\u00e9couvrez le ch\u00e2teau de Garraube, \u00e0 25 minutes de Bergerac. Laissez vous s\u00e9duire par son histoire, de ses origines \u00e0 nos jours.\" \/>\n<meta name=\"robots\" content=\"index, follow, max-snippet:-1, max-image-preview:large, max-video-preview:-1\" \/>\n<link rel=\"canonical\" href=\"https:\/\/www.votre-chateau-de-famille.com\/en\/2022\/02\/17\/garraube-une-propriete-en-perigord-ses-origines-son-histoire\/\" \/>\n<meta property=\"og:locale\" content=\"en_US\" \/>\n<meta property=\"og:type\" content=\"article\" \/>\n<meta property=\"og:title\" content=\"Vacances au ch\u00e2teau de Garraube : une histoire de famille.\" \/>\n<meta property=\"og:description\" content=\"D\u00e9couvrez le ch\u00e2teau de Garraube, \u00e0 25 minutes de Bergerac. Laissez vous s\u00e9duire par son histoire, de ses origines \u00e0 nos jours.\" \/>\n<meta property=\"og:url\" content=\"https:\/\/www.votre-chateau-de-famille.com\/en\/2022\/02\/17\/garraube-une-propriete-en-perigord-ses-origines-son-histoire\/\" \/>\n<meta property=\"og:site_name\" content=\"Votre Chateau de Famille\" \/>\n<meta property=\"article:publisher\" content=\"https:\/\/www.facebook.com\/votrechateaudefamille\/\" \/>\n<meta property=\"article:published_time\" content=\"2022-02-17T14:54:43+00:00\" \/>\n<meta property=\"article:modified_time\" content=\"2026-09-01T09:46:17+00:00\" \/>\n<meta property=\"og:image\" content=\"https:\/\/www.votre-chateau-de-famille.com\/wp-content\/uploads\/2022\/04\/Chateau-Garraube-Histoire-Bibliotheque-.jpg\" \/>\n\t<meta property=\"og:image:width\" content=\"1920\" \/>\n\t<meta property=\"og:image:height\" content=\"960\" \/>\n\t<meta property=\"og:image:type\" content=\"image\/jpeg\" \/>\n<meta name=\"author\" content=\"Votre ch\u00e2teau de famille\" \/>\n<meta name=\"twitter:card\" content=\"summary_large_image\" \/>\n<meta name=\"twitter:label1\" content=\"Written by\" \/>\n\t<meta name=\"twitter:data1\" content=\"Votre ch\u00e2teau de famille\" \/>\n\t<meta name=\"twitter:label2\" content=\"Est. reading time\" \/>\n\t<meta name=\"twitter:data2\" content=\"11 minutes\" \/>\n<script type=\"application\/ld+json\" class=\"yoast-schema-graph\">{\"@context\":\"https:\\\/\\\/schema.org\",\"@graph\":[{\"@type\":\"Article\",\"@id\":\"https:\\\/\\\/www.votre-chateau-de-famille.com\\\/en\\\/2022\\\/02\\\/17\\\/garraube-une-propriete-en-perigord-ses-origines-son-histoire\\\/#article\",\"isPartOf\":{\"@id\":\"https:\\\/\\\/www.votre-chateau-de-famille.com\\\/en\\\/2022\\\/02\\\/17\\\/garraube-une-propriete-en-perigord-ses-origines-son-histoire\\\/\"},\"author\":{\"name\":\"Votre ch\u00e2teau de famille\",\"@id\":\"https:\\\/\\\/www.votre-chateau-de-famille.com\\\/en\\\/#\\\/schema\\\/person\\\/3275000062c75f85bfcc5646604bcc49\"},\"headline\":\"Vacances au ch\u00e2teau de Garraube : une histoire de famille.\",\"datePublished\":\"2022-02-17T14:54:43+00:00\",\"dateModified\":\"2026-09-01T09:46:17+00:00\",\"mainEntityOfPage\":{\"@id\":\"https:\\\/\\\/www.votre-chateau-de-famille.com\\\/en\\\/2022\\\/02\\\/17\\\/garraube-une-propriete-en-perigord-ses-origines-son-histoire\\\/\"},\"wordCount\":2114,\"publisher\":{\"@id\":\"https:\\\/\\\/www.votre-chateau-de-famille.com\\\/en\\\/#organization\"},\"image\":{\"@id\":\"https:\\\/\\\/www.votre-chateau-de-famille.com\\\/en\\\/2022\\\/02\\\/17\\\/garraube-une-propriete-en-perigord-ses-origines-son-histoire\\\/#primaryimage\"},\"thumbnailUrl\":\"https:\\\/\\\/www.votre-chateau-de-famille.com\\\/wp-content\\\/uploads\\\/2022\\\/04\\\/Chateau-Garraube-Histoire-Bibliotheque-.jpg\",\"articleSection\":[\"Exp\u00e9riences\",\"Vacances\"],\"inLanguage\":\"en-US\"},{\"@type\":\"WebPage\",\"@id\":\"https:\\\/\\\/www.votre-chateau-de-famille.com\\\/en\\\/2022\\\/02\\\/17\\\/garraube-une-propriete-en-perigord-ses-origines-son-histoire\\\/\",\"url\":\"https:\\\/\\\/www.votre-chateau-de-famille.com\\\/en\\\/2022\\\/02\\\/17\\\/garraube-une-propriete-en-perigord-ses-origines-son-histoire\\\/\",\"name\":\"Garraube, une propri\u00e9t\u00e9 en P\u00e9rigord | VCF\",\"isPartOf\":{\"@id\":\"https:\\\/\\\/www.votre-chateau-de-famille.com\\\/en\\\/#website\"},\"primaryImageOfPage\":{\"@id\":\"https:\\\/\\\/www.votre-chateau-de-famille.com\\\/en\\\/2022\\\/02\\\/17\\\/garraube-une-propriete-en-perigord-ses-origines-son-histoire\\\/#primaryimage\"},\"image\":{\"@id\":\"https:\\\/\\\/www.votre-chateau-de-famille.com\\\/en\\\/2022\\\/02\\\/17\\\/garraube-une-propriete-en-perigord-ses-origines-son-histoire\\\/#primaryimage\"},\"thumbnailUrl\":\"https:\\\/\\\/www.votre-chateau-de-famille.com\\\/wp-content\\\/uploads\\\/2022\\\/04\\\/Chateau-Garraube-Histoire-Bibliotheque-.jpg\",\"datePublished\":\"2022-02-17T14:54:43+00:00\",\"dateModified\":\"2026-09-01T09:46:17+00:00\",\"description\":\"D\u00e9couvrez le ch\u00e2teau de Garraube, \u00e0 25 minutes de Bergerac. Laissez vous s\u00e9duire par son histoire, de ses origines \u00e0 nos jours.\",\"breadcrumb\":{\"@id\":\"https:\\\/\\\/www.votre-chateau-de-famille.com\\\/en\\\/2022\\\/02\\\/17\\\/garraube-une-propriete-en-perigord-ses-origines-son-histoire\\\/#breadcrumb\"},\"inLanguage\":\"en-US\",\"potentialAction\":[{\"@type\":\"ReadAction\",\"target\":[\"https:\\\/\\\/www.votre-chateau-de-famille.com\\\/en\\\/2022\\\/02\\\/17\\\/garraube-une-propriete-en-perigord-ses-origines-son-histoire\\\/\"]}]},{\"@type\":\"ImageObject\",\"inLanguage\":\"en-US\",\"@id\":\"https:\\\/\\\/www.votre-chateau-de-famille.com\\\/en\\\/2022\\\/02\\\/17\\\/garraube-une-propriete-en-perigord-ses-origines-son-histoire\\\/#primaryimage\",\"url\":\"https:\\\/\\\/www.votre-chateau-de-famille.com\\\/wp-content\\\/uploads\\\/2022\\\/04\\\/Chateau-Garraube-Histoire-Bibliotheque-.jpg\",\"contentUrl\":\"https:\\\/\\\/www.votre-chateau-de-famille.com\\\/wp-content\\\/uploads\\\/2022\\\/04\\\/Chateau-Garraube-Histoire-Bibliotheque-.jpg\",\"width\":1920,\"height\":960,\"caption\":\"Photo de l'int\u00e9rieur du salon d'hiver ou de la biblioth\u00e8que du Ch\u00e2teau Garraube, un ch\u00e2teau exclusif disponible \u00e0 la location dans la r\u00e9gion de la Dordogne, en France. Pr\u00e8s de Bergerac et \u00e0 1 heure de Bordeaux.\"},{\"@type\":\"BreadcrumbList\",\"@id\":\"https:\\\/\\\/www.votre-chateau-de-famille.com\\\/en\\\/2022\\\/02\\\/17\\\/garraube-une-propriete-en-perigord-ses-origines-son-histoire\\\/#breadcrumb\",\"itemListElement\":[{\"@type\":\"ListItem\",\"position\":1,\"name\":\"Accueil\",\"item\":\"https:\\\/\\\/www.votre-chateau-de-famille.com\\\/en\\\/\"},{\"@type\":\"ListItem\",\"position\":2,\"name\":\"Vacances au ch\u00e2teau de Garraube : une histoire de famille.\"}]},{\"@type\":\"WebSite\",\"@id\":\"https:\\\/\\\/www.votre-chateau-de-famille.com\\\/en\\\/#website\",\"url\":\"https:\\\/\\\/www.votre-chateau-de-famille.com\\\/en\\\/\",\"name\":\"Votre Chateau de Famille\",\"description\":\"Location de ch\u00e2teaux, domaines et manoirs habit\u00e9s en France, pour vos mariages, vacances, week-ends et s\u00e9minaires d\u2019entreprise\",\"publisher\":{\"@id\":\"https:\\\/\\\/www.votre-chateau-de-famille.com\\\/en\\\/#organization\"},\"potentialAction\":[{\"@type\":\"SearchAction\",\"target\":{\"@type\":\"EntryPoint\",\"urlTemplate\":\"https:\\\/\\\/www.votre-chateau-de-famille.com\\\/en\\\/?s={search_term_string}\"},\"query-input\":{\"@type\":\"PropertyValueSpecification\",\"valueRequired\":true,\"valueName\":\"search_term_string\"}}],\"inLanguage\":\"en-US\"},{\"@type\":\"Organization\",\"@id\":\"https:\\\/\\\/www.votre-chateau-de-famille.com\\\/en\\\/#organization\",\"name\":\"Votre Ch\u00e2teau de Famille\",\"url\":\"https:\\\/\\\/www.votre-chateau-de-famille.com\\\/en\\\/\",\"logo\":{\"@type\":\"ImageObject\",\"inLanguage\":\"en-US\",\"@id\":\"https:\\\/\\\/www.votre-chateau-de-famille.com\\\/en\\\/#\\\/schema\\\/logo\\\/image\\\/\",\"url\":\"https:\\\/\\\/www.votre-chateau-de-famille.com\\\/wp-content\\\/uploads\\\/2026\\\/08\\\/VCF-2000-x-2000-Black.png\",\"contentUrl\":\"https:\\\/\\\/www.votre-chateau-de-famille.com\\\/wp-content\\\/uploads\\\/2026\\\/08\\\/VCF-2000-x-2000-Black.png\",\"width\":2000,\"height\":2000,\"caption\":\"Votre Ch\u00e2teau de Famille\"},\"image\":{\"@id\":\"https:\\\/\\\/www.votre-chateau-de-famille.com\\\/en\\\/#\\\/schema\\\/logo\\\/image\\\/\"},\"sameAs\":[\"https:\\\/\\\/www.facebook.com\\\/votrechateaudefamille\\\/\",\"https:\\\/\\\/www.instagram.com\\\/votrechateaudefamille\\\/\",\"https:\\\/\\\/www.linkedin.com\\\/company\\\/votre-chateau-de-famille\\\/\"],\"email\":\"contact@votre-chateau-de-famille.com\",\"legalName\":\"Votre Ch\u00e2teau de Famille\",\"numberOfEmployees\":{\"@type\":\"QuantitativeValue\",\"minValue\":\"1\",\"maxValue\":\"10\"},\"publishingPrinciples\":\"https:\\\/\\\/www.votre-chateau-de-famille.com\\\/qui-sommes-nous\\\/\",\"ownershipFundingInfo\":\"https:\\\/\\\/www.votre-chateau-de-famille.com\\\/qui-sommes-nous\\\/\",\"actionableFeedbackPolicy\":\"https:\\\/\\\/www.votre-chateau-de-famille.com\\\/conditions-generales-dutilisation\\\/\",\"correctionsPolicy\":\"https:\\\/\\\/www.votre-chateau-de-famille.com\\\/conditions-generales-dutilisation\\\/\",\"ethicsPolicy\":\"https:\\\/\\\/www.votre-chateau-de-famille.com\\\/charte-de-non-discrimination\\\/\",\"diversityPolicy\":\"https:\\\/\\\/www.votre-chateau-de-famille.com\\\/charte-de-non-discrimination\\\/\"},{\"@type\":\"Person\",\"@id\":\"https:\\\/\\\/www.votre-chateau-de-famille.com\\\/en\\\/#\\\/schema\\\/person\\\/3275000062c75f85bfcc5646604bcc49\",\"name\":\"Votre ch\u00e2teau de famille\",\"image\":{\"@type\":\"ImageObject\",\"inLanguage\":\"en-US\",\"@id\":\"https:\\\/\\\/secure.gravatar.com\\\/avatar\\\/003c61453d4d1a4e2c681a3ef0a111d490b9310432dc8c667b0924dca7d7f2a8?s=96&d=mm&r=g\",\"url\":\"https:\\\/\\\/secure.gravatar.com\\\/avatar\\\/003c61453d4d1a4e2c681a3ef0a111d490b9310432dc8c667b0924dca7d7f2a8?s=96&d=mm&r=g\",\"contentUrl\":\"https:\\\/\\\/secure.gravatar.com\\\/avatar\\\/003c61453d4d1a4e2c681a3ef0a111d490b9310432dc8c667b0924dca7d7f2a8?s=96&d=mm&r=g\",\"caption\":\"Votre ch\u00e2teau de famille\"}}]}<\/script>\n<!-- \/ Yoast SEO Premium plugin. -->","yoast_head_json":{"title":"Garraube, une propri\u00e9t\u00e9 en P\u00e9rigord | VCF","description":"D\u00e9couvrez le ch\u00e2teau de Garraube, \u00e0 25 minutes de Bergerac. Laissez vous s\u00e9duire par son histoire, de ses origines \u00e0 nos jours.","robots":{"index":"index","follow":"follow","max-snippet":"max-snippet:-1","max-image-preview":"max-image-preview:large","max-video-preview":"max-video-preview:-1"},"canonical":"https:\/\/www.votre-chateau-de-famille.com\/en\/2022\/02\/17\/garraube-une-propriete-en-perigord-ses-origines-son-histoire\/","og_locale":"en_US","og_type":"article","og_title":"Vacances au ch\u00e2teau de Garraube : une histoire de famille.","og_description":"D\u00e9couvrez le ch\u00e2teau de Garraube, \u00e0 25 minutes de Bergerac. Laissez vous s\u00e9duire par son histoire, de ses origines \u00e0 nos jours.","og_url":"https:\/\/www.votre-chateau-de-famille.com\/en\/2022\/02\/17\/garraube-une-propriete-en-perigord-ses-origines-son-histoire\/","og_site_name":"Votre Chateau de Famille","article_publisher":"https:\/\/www.facebook.com\/votrechateaudefamille\/","article_published_time":"2022-02-17T14:54:43+00:00","article_modified_time":"2026-09-01T09:46:17+00:00","og_image":[{"width":1920,"height":960,"url":"https:\/\/www.votre-chateau-de-famille.com\/wp-content\/uploads\/2022\/04\/Chateau-Garraube-Histoire-Bibliotheque-.jpg","type":"image\/jpeg"}],"author":"Votre ch\u00e2teau de famille","twitter_card":"summary_large_image","twitter_misc":{"Written by":"Votre ch\u00e2teau de famille","Est. reading time":"11 minutes"},"schema":{"@context":"https:\/\/schema.org","@graph":[{"@type":"Article","@id":"https:\/\/www.votre-chateau-de-famille.com\/en\/2022\/02\/17\/garraube-une-propriete-en-perigord-ses-origines-son-histoire\/#article","isPartOf":{"@id":"https:\/\/www.votre-chateau-de-famille.com\/en\/2022\/02\/17\/garraube-une-propriete-en-perigord-ses-origines-son-histoire\/"},"author":{"name":"Votre ch\u00e2teau de famille","@id":"https:\/\/www.votre-chateau-de-famille.com\/en\/#\/schema\/person\/3275000062c75f85bfcc5646604bcc49"},"headline":"Vacances au ch\u00e2teau de Garraube : une histoire de famille.","datePublished":"2022-02-17T14:54:43+00:00","dateModified":"2026-09-01T09:46:17+00:00","mainEntityOfPage":{"@id":"https:\/\/www.votre-chateau-de-famille.com\/en\/2022\/02\/17\/garraube-une-propriete-en-perigord-ses-origines-son-histoire\/"},"wordCount":2114,"publisher":{"@id":"https:\/\/www.votre-chateau-de-famille.com\/en\/#organization"},"image":{"@id":"https:\/\/www.votre-chateau-de-famille.com\/en\/2022\/02\/17\/garraube-une-propriete-en-perigord-ses-origines-son-histoire\/#primaryimage"},"thumbnailUrl":"https:\/\/www.votre-chateau-de-famille.com\/wp-content\/uploads\/2022\/04\/Chateau-Garraube-Histoire-Bibliotheque-.jpg","articleSection":["Exp\u00e9riences","Vacances"],"inLanguage":"en-US"},{"@type":"WebPage","@id":"https:\/\/www.votre-chateau-de-famille.com\/en\/2022\/02\/17\/garraube-une-propriete-en-perigord-ses-origines-son-histoire\/","url":"https:\/\/www.votre-chateau-de-famille.com\/en\/2022\/02\/17\/garraube-une-propriete-en-perigord-ses-origines-son-histoire\/","name":"Garraube, une propri\u00e9t\u00e9 en P\u00e9rigord | VCF","isPartOf":{"@id":"https:\/\/www.votre-chateau-de-famille.com\/en\/#website"},"primaryImageOfPage":{"@id":"https:\/\/www.votre-chateau-de-famille.com\/en\/2022\/02\/17\/garraube-une-propriete-en-perigord-ses-origines-son-histoire\/#primaryimage"},"image":{"@id":"https:\/\/www.votre-chateau-de-famille.com\/en\/2022\/02\/17\/garraube-une-propriete-en-perigord-ses-origines-son-histoire\/#primaryimage"},"thumbnailUrl":"https:\/\/www.votre-chateau-de-famille.com\/wp-content\/uploads\/2022\/04\/Chateau-Garraube-Histoire-Bibliotheque-.jpg","datePublished":"2022-02-17T14:54:43+00:00","dateModified":"2026-09-01T09:46:17+00:00","description":"D\u00e9couvrez le ch\u00e2teau de Garraube, \u00e0 25 minutes de Bergerac. Laissez vous s\u00e9duire par son histoire, de ses origines \u00e0 nos jours.","breadcrumb":{"@id":"https:\/\/www.votre-chateau-de-famille.com\/en\/2022\/02\/17\/garraube-une-propriete-en-perigord-ses-origines-son-histoire\/#breadcrumb"},"inLanguage":"en-US","potentialAction":[{"@type":"ReadAction","target":["https:\/\/www.votre-chateau-de-famille.com\/en\/2022\/02\/17\/garraube-une-propriete-en-perigord-ses-origines-son-histoire\/"]}]},{"@type":"ImageObject","inLanguage":"en-US","@id":"https:\/\/www.votre-chateau-de-famille.com\/en\/2022\/02\/17\/garraube-une-propriete-en-perigord-ses-origines-son-histoire\/#primaryimage","url":"https:\/\/www.votre-chateau-de-famille.com\/wp-content\/uploads\/2022\/04\/Chateau-Garraube-Histoire-Bibliotheque-.jpg","contentUrl":"https:\/\/www.votre-chateau-de-famille.com\/wp-content\/uploads\/2022\/04\/Chateau-Garraube-Histoire-Bibliotheque-.jpg","width":1920,"height":960,"caption":"Photo de l'int\u00e9rieur du salon d'hiver ou de la biblioth\u00e8que du Ch\u00e2teau Garraube, un ch\u00e2teau exclusif disponible \u00e0 la location dans la r\u00e9gion de la Dordogne, en France. Pr\u00e8s de Bergerac et \u00e0 1 heure de Bordeaux."},{"@type":"BreadcrumbList","@id":"https:\/\/www.votre-chateau-de-famille.com\/en\/2022\/02\/17\/garraube-une-propriete-en-perigord-ses-origines-son-histoire\/#breadcrumb","itemListElement":[{"@type":"ListItem","position":1,"name":"Accueil","item":"https:\/\/www.votre-chateau-de-famille.com\/en\/"},{"@type":"ListItem","position":2,"name":"Vacances au ch\u00e2teau de Garraube : une histoire de famille."}]},{"@type":"WebSite","@id":"https:\/\/www.votre-chateau-de-famille.com\/en\/#website","url":"https:\/\/www.votre-chateau-de-famille.com\/en\/","name":"Votre Chateau de Famille","description":"Location de ch\u00e2teaux, domaines et manoirs habit\u00e9s en France, pour vos mariages, vacances, week-ends et s\u00e9minaires d\u2019entreprise","publisher":{"@id":"https:\/\/www.votre-chateau-de-famille.com\/en\/#organization"},"potentialAction":[{"@type":"SearchAction","target":{"@type":"EntryPoint","urlTemplate":"https:\/\/www.votre-chateau-de-famille.com\/en\/?s={search_term_string}"},"query-input":{"@type":"PropertyValueSpecification","valueRequired":true,"valueName":"search_term_string"}}],"inLanguage":"en-US"},{"@type":"Organization","@id":"https:\/\/www.votre-chateau-de-famille.com\/en\/#organization","name":"Votre Ch\u00e2teau de Famille","url":"https:\/\/www.votre-chateau-de-famille.com\/en\/","logo":{"@type":"ImageObject","inLanguage":"en-US","@id":"https:\/\/www.votre-chateau-de-famille.com\/en\/#\/schema\/logo\/image\/","url":"https:\/\/www.votre-chateau-de-famille.com\/wp-content\/uploads\/2026\/08\/VCF-2000-x-2000-Black.png","contentUrl":"https:\/\/www.votre-chateau-de-famille.com\/wp-content\/uploads\/2026\/08\/VCF-2000-x-2000-Black.png","width":2000,"height":2000,"caption":"Votre Ch\u00e2teau de Famille"},"image":{"@id":"https:\/\/www.votre-chateau-de-famille.com\/en\/#\/schema\/logo\/image\/"},"sameAs":["https:\/\/www.facebook.com\/votrechateaudefamille\/","https:\/\/www.instagram.com\/votrechateaudefamille\/","https:\/\/www.linkedin.com\/company\/votre-chateau-de-famille\/"],"email":"contact@votre-chateau-de-famille.com","legalName":"Votre Ch\u00e2teau de Famille","numberOfEmployees":{"@type":"QuantitativeValue","minValue":"1","maxValue":"10"},"publishingPrinciples":"https:\/\/www.votre-chateau-de-famille.com\/qui-sommes-nous\/","ownershipFundingInfo":"https:\/\/www.votre-chateau-de-famille.com\/qui-sommes-nous\/","actionableFeedbackPolicy":"https:\/\/www.votre-chateau-de-famille.com\/conditions-generales-dutilisation\/","correctionsPolicy":"https:\/\/www.votre-chateau-de-famille.com\/conditions-generales-dutilisation\/","ethicsPolicy":"https:\/\/www.votre-chateau-de-famille.com\/charte-de-non-discrimination\/","diversityPolicy":"https:\/\/www.votre-chateau-de-famille.com\/charte-de-non-discrimination\/"},{"@type":"Person","@id":"https:\/\/www.votre-chateau-de-famille.com\/en\/#\/schema\/person\/3275000062c75f85bfcc5646604bcc49","name":"Votre ch\u00e2teau de famille","image":{"@type":"ImageObject","inLanguage":"en-US","@id":"https:\/\/secure.gravatar.com\/avatar\/003c61453d4d1a4e2c681a3ef0a111d490b9310432dc8c667b0924dca7d7f2a8?s=96&d=mm&r=g","url":"https:\/\/secure.gravatar.com\/avatar\/003c61453d4d1a4e2c681a3ef0a111d490b9310432dc8c667b0924dca7d7f2a8?s=96&d=mm&r=g","contentUrl":"https:\/\/secure.gravatar.com\/avatar\/003c61453d4d1a4e2c681a3ef0a111d490b9310432dc8c667b0924dca7d7f2a8?s=96&d=mm&r=g","caption":"Votre ch\u00e2teau de famille"}}]}},"_links":{"self":[{"href":"https:\/\/www.votre-chateau-de-famille.com\/en\/wp-json\/wp\/v2\/posts\/23786","targetHints":{"allow":["GET"]}}],"collection":[{"href":"https:\/\/www.votre-chateau-de-famille.com\/en\/wp-json\/wp\/v2\/posts"}],"about":[{"href":"https:\/\/www.votre-chateau-de-famille.com\/en\/wp-json\/wp\/v2\/types\/post"}],"author":[{"embeddable":true,"href":"https:\/\/www.votre-chateau-de-famille.com\/en\/wp-json\/wp\/v2\/users\/1"}],"replies":[{"embeddable":true,"href":"https:\/\/www.votre-chateau-de-famille.com\/en\/wp-json\/wp\/v2\/comments?post=23786"}],"version-history":[{"count":0,"href":"https:\/\/www.votre-chateau-de-famille.com\/en\/wp-json\/wp\/v2\/posts\/23786\/revisions"}],"wp:featuredmedia":[{"embeddable":true,"href":"https:\/\/www.votre-chateau-de-famille.com\/en\/wp-json\/wp\/v2\/media\/25607"}],"wp:attachment":[{"href":"https:\/\/www.votre-chateau-de-famille.com\/en\/wp-json\/wp\/v2\/media?parent=23786"}],"wp:term":[{"taxonomy":"category","embeddable":true,"href":"https:\/\/www.votre-chateau-de-famille.com\/en\/wp-json\/wp\/v2\/categories?post=23786"},{"taxonomy":"post_tag","embeddable":true,"href":"https:\/\/www.votre-chateau-de-famille.com\/en\/wp-json\/wp\/v2\/tags?post=23786"},{"taxonomy":"dipi_cpt_category","embeddable":true,"href":"https:\/\/www.votre-chateau-de-famille.com\/en\/wp-json\/wp\/v2\/dipi_cpt_category?post=23786"}],"curies":[{"name":"wp","href":"https:\/\/api.w.org\/{rel}","templated":true}]}}