{"id":10720,"date":"2020-01-13T00:08:32","date_gmt":"2020-01-12T23:08:32","guid":{"rendered":"https:\/\/www.votre-chateau-de-famille.com\/?p=10720"},"modified":"2026-09-01T11:36:55","modified_gmt":"2026-09-01T09:36:55","slug":"la-vie-de-chateau-cest-bon-pour-le-climat","status":"publish","type":"post","link":"https:\/\/www.votre-chateau-de-famille.com\/en\/2020\/01\/13\/la-vie-de-chateau-cest-bon-pour-le-climat\/","title":{"rendered":"La vie de ch\u00e2teau, c&#8217;est bon pour le climat"},"content":{"rendered":"<h2><strong>Louer un ch\u00e2teau juste le temps de vos vacances\u00a0: un choix responsable<\/strong><\/h2>\n<p>Que diriez-vous de mener la vie de ch\u00e2teau\u00a0? Disons comme un roi: des ch\u00e2teaux un peu partout en France pour faire la f\u00eate, ou simplement se retrouver nombreux en famille ou entre amis. D\u2019abord ici, puis l\u00e0, ou revenir dans votre pr\u00e9f\u00e9r\u00e9.<\/p>\n<p>Des ch\u00e2teaux qui ne vous co\u00fbtent pas d\u2019entretien du 1<sup>er<\/sup> janvier au 31 d\u00e9cembre, mais seulement quand vous les utilisez. Une sorte de\u00a0 r\u00e9seau de r\u00e9sidences secondaires, partag\u00e9es, comme les co\u00fbts.<\/p>\n<p>De quoi passer un week-end, des vacances en famille ou entre amis, paisibles ou anim\u00e9es, introduits par les ch\u00e2telains dans leur territoire et ses douceurs, ses merveilles et ses ressources.<div class=\"et_pb_slider et_pb_slider_fullwidth_off et_pb_gallery_post_type\">\n\t\t\t\t<div class=\"et_pb_slides\">\n\t\t\t\t\t<div class=\"et_pb_slide\" style=\"background: url(https:\/\/www.votre-chateau-de-famille.com\/wp-content\/uploads\/2020\/01\/DSC3184-HDR.jpg);\"><\/div><div class=\"et_pb_slide\" style=\"background: url(https:\/\/www.votre-chateau-de-famille.com\/wp-content\/uploads\/2020\/01\/DSC02016.jpg);\"><\/div><div class=\"et_pb_slide\" style=\"background: url(https:\/\/www.votre-chateau-de-famille.com\/wp-content\/uploads\/2019\/12\/DSC01903.jpg);\"><\/div><div class=\"et_pb_slide\" style=\"background: url(https:\/\/www.votre-chateau-de-famille.com\/wp-content\/uploads\/2019\/12\/DSC6387-HDR.jpg);\"><\/div>\n\t\t\t\t<\/div>\n\t\t\t<\/div><\/p>\n<h2>Choisir ses vacances et comparer son empreinte carbone<\/h2>\n<p><div class=\"et_pb_slider et_pb_slider_fullwidth_off et_pb_gallery_post_type\">\n\t\t\t\t<div class=\"et_pb_slides\">\n\t\t\t\t\t<div class=\"et_pb_slide\" style=\"background: url(https:\/\/www.votre-chateau-de-famille.com\/wp-content\/uploads\/2019\/12\/DSC6483.jpg);\"><\/div><div class=\"et_pb_slide\" style=\"background: url(https:\/\/www.votre-chateau-de-famille.com\/wp-content\/uploads\/2019\/12\/DSC5962-HDR.jpg);\"><\/div><div class=\"et_pb_slide\" style=\"background: url(https:\/\/www.votre-chateau-de-famille.com\/wp-content\/uploads\/2019\/10\/ChateauGoudourville-4827.jpg);\"><\/div><div class=\"et_pb_slide\" style=\"background: url(https:\/\/www.votre-chateau-de-famille.com\/wp-content\/uploads\/2019\/07\/VCF_RIVENEUVE-1-6.jpg);\"><\/div>\n\t\t\t\t<\/div>\n\t\t\t<\/div>L\u2019empreinte carbone d\u2019un s\u00e9jour dans un ch\u00e2teau en France est 4 \u00e0 6 fois moins \u00e9lev\u00e9e que celle d\u2019un s\u00e9jour \u00e0 Marrakech.<\/p>\n<p>Notre conseil en d\u00e9veloppement durable, Jean-Michel Vincent*, nous a fait un petit comparatif carbone, entre un s\u00e9jour \u00e0 Marrakech et un s\u00e9jour dans Votre Ch\u00e2teau de Famille.<\/p>\n<p>En premi\u00e8re approximation, vous vous comportez sur votre lieu de vacances de la m\u00eame fa\u00e7on, ici ou l\u00e0. En revanche, le d\u00e9placement jusqu\u2019au lieu de s\u00e9jour est d\u00e9terminant.<\/p>\n<p>Les sources de calcul utilis\u00e9es sont compil\u00e9es dans cette note r\u00e9capitulative pour apprendre \u00e0 compter carbone aussi facilement que l\u2019on compte en euros, en une page. Elle est adoss\u00e9e \u00e0 la base carbone de l\u2019ADEME\u00a0: <a href=\"http:\/\/agirlocal.org\/compter-carbone-approximativement\/\">http:\/\/agirlocal.org\/compter-carbone-approximativement\/<\/a>Le r\u00e9sultat est \u00e9difiant\u00a0:<\/p>\n<table>\n<tbody>\n<tr>\n<td width=\"205\"><strong>Comparatif <\/strong><\/td>\n<td width=\"205\">4 jours<\/td>\n<td width=\"205\">7 jours<\/td>\n<\/tr>\n<tr>\n<td width=\"205\">avion Marrakech<\/td>\n<td width=\"205\">1 \u00e0 2 tonnes selon classe<\/td>\n<td width=\"205\">1 \u00e0 2 Tonnes selon classe<\/td>\n<\/tr>\n<tr>\n<td width=\"205\">voiture Votre Ch\u00e2teau de Famille<\/td>\n<td width=\"205\">80 \u00e0 160 kg selon voiture<\/td>\n<td width=\"205\">80 \u00e0 160 kg selon voiture<\/td>\n<\/tr>\n<tr>\n<td width=\"205\">train + voiture Votre Ch\u00e2teau de Famille<\/td>\n<td width=\"205\">14 \u00e0 28 kg selon voiture<\/td>\n<td width=\"205\">14 \u00e0 28 kg selon voiture<\/td>\n<\/tr>\n<tr>\n<td width=\"205\"><strong>S\u00e9jour <\/strong><\/td>\n<td width=\"205\">180 kg<\/td>\n<td width=\"205\">315 kg<\/td>\n<\/tr>\n<tr>\n<td width=\"205\"><strong>Total Marrakech<\/strong><\/td>\n<td width=\"205\">1180 \u00e0 2180 kgCO2e<\/td>\n<td width=\"205\">1315 \u00e0 2315 kgCO2e<\/td>\n<\/tr>\n<tr>\n<td width=\"205\"><strong>Total Votre Ch\u00e2teau de Famille<\/strong><\/td>\n<td width=\"205\">194 \u00e0 340 kgCO2e<\/td>\n<td width=\"205\">329 \u00e0 475 kgCO2e<\/td>\n<\/tr>\n<\/tbody>\n<\/table>\n<p>&nbsp;<\/p>\n<p>Hypoth\u00e8ses, d\u00e9tail du calcul\u00a0et en savoir plus\u00a0: <a href=\"http:\/\/agirlocal.neowp.fr\/wp-content\/uploads\/sites\/15685\/2019\/12\/Votre-Ch\u00e2teau-de-Famille-et-le-climat-comparatif.pdf\">http:\/\/agirlocal.neowp.fr\/\/wp-content\/uploads\/sites\/15685\/2019\/12\/Votre-Ch\u00e2teau-de-Famille-et-le-climat-comparatif.pdf<\/a><\/p>\n<p>Evidemment, on peut affiner\u00a0ce calcul : les \u00e9missions de votre s\u00e9jour dans Votre Ch\u00e2teau de Famille d\u00e9pendent beaucoup de l\u2019offre du ch\u00e2teau et du territoire alentour\u00a0: efficacit\u00e9 \u00e9nerg\u00e9tique et \u00e9nergies utilis\u00e9es du ch\u00e2teau, nourriture locale et de saison,\u00a0 location de voiture familiale 7 \u00e0 9 places&#8230; Mais c\u2019est une autre histoire, \u00e0 venir.<\/p>\n<p>*Jean-Michel Vincent est ing\u00e9nieur urbaniste, il a \u00e9t\u00e9 chef du projet du Grand Louvre, puis Directeur de la strat\u00e9gie et du d\u00e9veloppement durable \u00e0 la Direction r\u00e9gionale de l\u2019\u00e9quipement de l\u2019Ile-de-France. Aujourd\u2019hui Pr\u00e9sident de la commission Transition \u00e9nerg\u00e9tique de Cergy-Pontoise, professeur \u00e0 l\u2019Ecole Sp\u00e9ciale des Travaux Publics, la Sorbonne, l\u2019Ecole des Ponts et Chauss\u00e9es et aux Mines.[action full_width=&#8221;yes&#8221; content_in_grid=&#8221;yes&#8221; type=&#8221;normal&#8221; text_font_weight=&#8221;&#8221; show_button=&#8221;yes&#8221; button_text=&#8221;D\u00e9couvrez nos ch\u00e2teaux&#8221; button_link=&#8221;https:\/\/www.votre-chateau-de-famille.com\/usages\/vacances\/&#8221;]Un projet de vacances ou de weekend ?[\/action]<\/p>\n","protected":false},"excerpt":{"rendered":"<p>Que diriez-vous de mener la vie de ch\u00e2teau ? Disons comme un roi: des ch\u00e2teaux un peu partout en France pour faire la f\u00eate, ou simplement se retrouver nombreux en famille ou entre amis. D\u2019abord ici, puis l\u00e0, ou revenir dans votre pr\u00e9f\u00e9r\u00e9. Des ch\u00e2teaux qui ne vous co\u00fbtent pas d\u2019entretien du 1er janvier au 31 d\u00e9cembre, mais seulement quand vous les utilisez. Une sorte de  r\u00e9seau de r\u00e9sidences secondaires, partag\u00e9es, comme les co\u00fbts.<br \/>\nDe quoi passer un week-end, des vacances en famille ou entre amis, paisibles ou anim\u00e9es, introduits par les ch\u00e2telains dans leur territoire et ses douceurs, ses merveilles et ses ressources. <\/p>\n","protected":false},"author":1,"featured_media":10465,"comment_status":"closed","ping_status":"closed","sticky":false,"template":"","format":"standard","meta":{"_acf_changed":false,"_et_pb_use_builder":"","_et_pb_old_content":"","_et_gb_content_width":"","footnotes":""},"categories":[1,268],"tags":[],"dipi_cpt_category":[],"class_list":["post-10720","post","type-post","status-publish","format-standard","has-post-thumbnail","hentry","category-experiences","category-vacances"],"acf":[],"yoast_head":"<!-- This site is optimized with the Yoast SEO Premium plugin v28.3 (Yoast SEO v28.3) - https:\/\/yoast.com\/product\/yoast-seo-premium-wordpress\/ -->\n<title>La vie de ch\u00e2teau, c&#039;est bon pour le climat - Votre Chateau de Famille<\/title>\n<meta name=\"description\" content=\"Que diriez-vous de mener la vie de ch\u00e2teau ? Disons comme un roi: des ch\u00e2teaux un peu partout en France pour faire la f\u00eate, ou simplement se retrouver nombreux en famille ou entre amis. D\u2019abord ici, puis l\u00e0, ou revenir dans votre pr\u00e9f\u00e9r\u00e9. Des ch\u00e2teaux qui ne vous co\u00fbtent pas d\u2019entretien du 1er janvier au 31 d\u00e9cembre, mais seulement quand vous les utilisez. Une sorte de r\u00e9seau de r\u00e9sidences secondaires, partag\u00e9es, comme les co\u00fbts. De quoi passer un week-end, des vacances en famille ou entre amis, paisibles ou anim\u00e9es, introduits par les ch\u00e2telains dans leur territoire et ses douceurs, ses merveilles et ses ressources.\" \/>\n<meta name=\"robots\" content=\"index, follow, max-snippet:-1, max-image-preview:large, max-video-preview:-1\" \/>\n<link rel=\"canonical\" href=\"https:\/\/www.votre-chateau-de-famille.com\/en\/2020\/01\/13\/la-vie-de-chateau-cest-bon-pour-le-climat\/\" \/>\n<meta property=\"og:locale\" content=\"en_US\" \/>\n<meta property=\"og:type\" content=\"article\" \/>\n<meta property=\"og:title\" content=\"La vie de ch\u00e2teau, c&#039;est bon pour le climat\" \/>\n<meta property=\"og:description\" content=\"Que diriez-vous de mener la vie de ch\u00e2teau ? Disons comme un roi: des ch\u00e2teaux un peu partout en France pour faire la f\u00eate, ou simplement se retrouver nombreux en famille ou entre amis. D\u2019abord ici, puis l\u00e0, ou revenir dans votre pr\u00e9f\u00e9r\u00e9. Des ch\u00e2teaux qui ne vous co\u00fbtent pas d\u2019entretien du 1er janvier au 31 d\u00e9cembre, mais seulement quand vous les utilisez. Une sorte de r\u00e9seau de r\u00e9sidences secondaires, partag\u00e9es, comme les co\u00fbts. De quoi passer un week-end, des vacances en famille ou entre amis, paisibles ou anim\u00e9es, introduits par les ch\u00e2telains dans leur territoire et ses douceurs, ses merveilles et ses ressources.\" \/>\n<meta property=\"og:url\" content=\"https:\/\/www.votre-chateau-de-famille.com\/en\/2020\/01\/13\/la-vie-de-chateau-cest-bon-pour-le-climat\/\" \/>\n<meta property=\"og:site_name\" content=\"Votre Chateau de Famille\" \/>\n<meta property=\"article:publisher\" content=\"https:\/\/www.facebook.com\/votrechateaudefamille\/\" \/>\n<meta property=\"article:published_time\" content=\"2020-01-12T23:08:32+00:00\" \/>\n<meta property=\"article:modified_time\" content=\"2026-09-01T09:36:55+00:00\" \/>\n<meta property=\"og:image\" content=\"https:\/\/www.votre-chateau-de-famille.com\/wp-content\/uploads\/2019\/12\/IMG_9218.jpg\" \/>\n\t<meta property=\"og:image:width\" content=\"1080\" \/>\n\t<meta property=\"og:image:height\" content=\"1080\" \/>\n\t<meta property=\"og:image:type\" content=\"image\/jpeg\" \/>\n<meta name=\"author\" content=\"Votre ch\u00e2teau de famille\" \/>\n<meta name=\"twitter:card\" content=\"summary_large_image\" \/>\n<meta name=\"twitter:label1\" content=\"Written by\" \/>\n\t<meta name=\"twitter:data1\" content=\"Votre ch\u00e2teau de famille\" \/>\n\t<meta name=\"twitter:label2\" content=\"Est. reading time\" \/>\n\t<meta name=\"twitter:data2\" content=\"3 minutes\" \/>\n<script type=\"application\/ld+json\" class=\"yoast-schema-graph\">{\"@context\":\"https:\\\/\\\/schema.org\",\"@graph\":[{\"@type\":\"Article\",\"@id\":\"https:\\\/\\\/www.votre-chateau-de-famille.com\\\/en\\\/2020\\\/01\\\/13\\\/la-vie-de-chateau-cest-bon-pour-le-climat\\\/#article\",\"isPartOf\":{\"@id\":\"https:\\\/\\\/www.votre-chateau-de-famille.com\\\/en\\\/2020\\\/01\\\/13\\\/la-vie-de-chateau-cest-bon-pour-le-climat\\\/\"},\"author\":{\"name\":\"Votre ch\u00e2teau de famille\",\"@id\":\"https:\\\/\\\/www.votre-chateau-de-famille.com\\\/en\\\/#\\\/schema\\\/person\\\/3275000062c75f85bfcc5646604bcc49\"},\"headline\":\"La vie de ch\u00e2teau, c&#8217;est bon pour le climat\",\"datePublished\":\"2020-01-12T23:08:32+00:00\",\"dateModified\":\"2026-09-01T09:36:55+00:00\",\"mainEntityOfPage\":{\"@id\":\"https:\\\/\\\/www.votre-chateau-de-famille.com\\\/en\\\/2020\\\/01\\\/13\\\/la-vie-de-chateau-cest-bon-pour-le-climat\\\/\"},\"wordCount\":544,\"publisher\":{\"@id\":\"https:\\\/\\\/www.votre-chateau-de-famille.com\\\/en\\\/#organization\"},\"image\":{\"@id\":\"https:\\\/\\\/www.votre-chateau-de-famille.com\\\/en\\\/2020\\\/01\\\/13\\\/la-vie-de-chateau-cest-bon-pour-le-climat\\\/#primaryimage\"},\"thumbnailUrl\":\"https:\\\/\\\/www.votre-chateau-de-famille.com\\\/wp-content\\\/uploads\\\/2019\\\/12\\\/IMG_9218.jpg\",\"articleSection\":[\"Exp\u00e9riences\",\"Vacances\"],\"inLanguage\":\"en-US\"},{\"@type\":\"WebPage\",\"@id\":\"https:\\\/\\\/www.votre-chateau-de-famille.com\\\/en\\\/2020\\\/01\\\/13\\\/la-vie-de-chateau-cest-bon-pour-le-climat\\\/\",\"url\":\"https:\\\/\\\/www.votre-chateau-de-famille.com\\\/en\\\/2020\\\/01\\\/13\\\/la-vie-de-chateau-cest-bon-pour-le-climat\\\/\",\"name\":\"La vie de ch\u00e2teau, c'est bon pour le climat - Votre Chateau de Famille\",\"isPartOf\":{\"@id\":\"https:\\\/\\\/www.votre-chateau-de-famille.com\\\/en\\\/#website\"},\"primaryImageOfPage\":{\"@id\":\"https:\\\/\\\/www.votre-chateau-de-famille.com\\\/en\\\/2020\\\/01\\\/13\\\/la-vie-de-chateau-cest-bon-pour-le-climat\\\/#primaryimage\"},\"image\":{\"@id\":\"https:\\\/\\\/www.votre-chateau-de-famille.com\\\/en\\\/2020\\\/01\\\/13\\\/la-vie-de-chateau-cest-bon-pour-le-climat\\\/#primaryimage\"},\"thumbnailUrl\":\"https:\\\/\\\/www.votre-chateau-de-famille.com\\\/wp-content\\\/uploads\\\/2019\\\/12\\\/IMG_9218.jpg\",\"datePublished\":\"2020-01-12T23:08:32+00:00\",\"dateModified\":\"2026-09-01T09:36:55+00:00\",\"description\":\"Que diriez-vous de mener la vie de ch\u00e2teau ? Disons comme un roi: des ch\u00e2teaux un peu partout en France pour faire la f\u00eate, ou simplement se retrouver nombreux en famille ou entre amis. D\u2019abord ici, puis l\u00e0, ou revenir dans votre pr\u00e9f\u00e9r\u00e9. Des ch\u00e2teaux qui ne vous co\u00fbtent pas d\u2019entretien du 1er janvier au 31 d\u00e9cembre, mais seulement quand vous les utilisez. Une sorte de r\u00e9seau de r\u00e9sidences secondaires, partag\u00e9es, comme les co\u00fbts. De quoi passer un week-end, des vacances en famille ou entre amis, paisibles ou anim\u00e9es, introduits par les ch\u00e2telains dans leur territoire et ses douceurs, ses merveilles et ses ressources.\",\"breadcrumb\":{\"@id\":\"https:\\\/\\\/www.votre-chateau-de-famille.com\\\/en\\\/2020\\\/01\\\/13\\\/la-vie-de-chateau-cest-bon-pour-le-climat\\\/#breadcrumb\"},\"inLanguage\":\"en-US\",\"potentialAction\":[{\"@type\":\"ReadAction\",\"target\":[\"https:\\\/\\\/www.votre-chateau-de-famille.com\\\/en\\\/2020\\\/01\\\/13\\\/la-vie-de-chateau-cest-bon-pour-le-climat\\\/\"]}]},{\"@type\":\"ImageObject\",\"inLanguage\":\"en-US\",\"@id\":\"https:\\\/\\\/www.votre-chateau-de-famille.com\\\/en\\\/2020\\\/01\\\/13\\\/la-vie-de-chateau-cest-bon-pour-le-climat\\\/#primaryimage\",\"url\":\"https:\\\/\\\/www.votre-chateau-de-famille.com\\\/wp-content\\\/uploads\\\/2019\\\/12\\\/IMG_9218.jpg\",\"contentUrl\":\"https:\\\/\\\/www.votre-chateau-de-famille.com\\\/wp-content\\\/uploads\\\/2019\\\/12\\\/IMG_9218.jpg\",\"width\":1080,\"height\":1080,\"caption\":\"Beauty\"},{\"@type\":\"BreadcrumbList\",\"@id\":\"https:\\\/\\\/www.votre-chateau-de-famille.com\\\/en\\\/2020\\\/01\\\/13\\\/la-vie-de-chateau-cest-bon-pour-le-climat\\\/#breadcrumb\",\"itemListElement\":[{\"@type\":\"ListItem\",\"position\":1,\"name\":\"Accueil\",\"item\":\"https:\\\/\\\/www.votre-chateau-de-famille.com\\\/en\\\/\"},{\"@type\":\"ListItem\",\"position\":2,\"name\":\"La vie de ch\u00e2teau, c&rsquo;est bon pour le climat\"}]},{\"@type\":\"WebSite\",\"@id\":\"https:\\\/\\\/www.votre-chateau-de-famille.com\\\/en\\\/#website\",\"url\":\"https:\\\/\\\/www.votre-chateau-de-famille.com\\\/en\\\/\",\"name\":\"Votre Chateau de Famille\",\"description\":\"Location de ch\u00e2teaux, domaines et manoirs habit\u00e9s en France, pour vos mariages, vacances, week-ends et s\u00e9minaires d\u2019entreprise\",\"publisher\":{\"@id\":\"https:\\\/\\\/www.votre-chateau-de-famille.com\\\/en\\\/#organization\"},\"potentialAction\":[{\"@type\":\"SearchAction\",\"target\":{\"@type\":\"EntryPoint\",\"urlTemplate\":\"https:\\\/\\\/www.votre-chateau-de-famille.com\\\/en\\\/?s={search_term_string}\"},\"query-input\":{\"@type\":\"PropertyValueSpecification\",\"valueRequired\":true,\"valueName\":\"search_term_string\"}}],\"inLanguage\":\"en-US\"},{\"@type\":\"Organization\",\"@id\":\"https:\\\/\\\/www.votre-chateau-de-famille.com\\\/en\\\/#organization\",\"name\":\"Votre Ch\u00e2teau de Famille\",\"url\":\"https:\\\/\\\/www.votre-chateau-de-famille.com\\\/en\\\/\",\"logo\":{\"@type\":\"ImageObject\",\"inLanguage\":\"en-US\",\"@id\":\"https:\\\/\\\/www.votre-chateau-de-famille.com\\\/en\\\/#\\\/schema\\\/logo\\\/image\\\/\",\"url\":\"https:\\\/\\\/www.votre-chateau-de-famille.com\\\/wp-content\\\/uploads\\\/2026\\\/08\\\/VCF-2000-x-2000-Black.png\",\"contentUrl\":\"https:\\\/\\\/www.votre-chateau-de-famille.com\\\/wp-content\\\/uploads\\\/2026\\\/08\\\/VCF-2000-x-2000-Black.png\",\"width\":2000,\"height\":2000,\"caption\":\"Votre Ch\u00e2teau de Famille\"},\"image\":{\"@id\":\"https:\\\/\\\/www.votre-chateau-de-famille.com\\\/en\\\/#\\\/schema\\\/logo\\\/image\\\/\"},\"sameAs\":[\"https:\\\/\\\/www.facebook.com\\\/votrechateaudefamille\\\/\",\"https:\\\/\\\/www.instagram.com\\\/votrechateaudefamille\\\/\",\"https:\\\/\\\/www.linkedin.com\\\/company\\\/votre-chateau-de-famille\\\/\"],\"email\":\"contact@votre-chateau-de-famille.com\",\"legalName\":\"Votre Ch\u00e2teau de Famille\",\"numberOfEmployees\":{\"@type\":\"QuantitativeValue\",\"minValue\":\"1\",\"maxValue\":\"10\"},\"publishingPrinciples\":\"https:\\\/\\\/www.votre-chateau-de-famille.com\\\/qui-sommes-nous\\\/\",\"ownershipFundingInfo\":\"https:\\\/\\\/www.votre-chateau-de-famille.com\\\/qui-sommes-nous\\\/\",\"actionableFeedbackPolicy\":\"https:\\\/\\\/www.votre-chateau-de-famille.com\\\/conditions-generales-dutilisation\\\/\",\"correctionsPolicy\":\"https:\\\/\\\/www.votre-chateau-de-famille.com\\\/conditions-generales-dutilisation\\\/\",\"ethicsPolicy\":\"https:\\\/\\\/www.votre-chateau-de-famille.com\\\/charte-de-non-discrimination\\\/\",\"diversityPolicy\":\"https:\\\/\\\/www.votre-chateau-de-famille.com\\\/charte-de-non-discrimination\\\/\"},{\"@type\":\"Person\",\"@id\":\"https:\\\/\\\/www.votre-chateau-de-famille.com\\\/en\\\/#\\\/schema\\\/person\\\/3275000062c75f85bfcc5646604bcc49\",\"name\":\"Votre ch\u00e2teau de famille\",\"image\":{\"@type\":\"ImageObject\",\"inLanguage\":\"en-US\",\"@id\":\"https:\\\/\\\/secure.gravatar.com\\\/avatar\\\/003c61453d4d1a4e2c681a3ef0a111d490b9310432dc8c667b0924dca7d7f2a8?s=96&d=mm&r=g\",\"url\":\"https:\\\/\\\/secure.gravatar.com\\\/avatar\\\/003c61453d4d1a4e2c681a3ef0a111d490b9310432dc8c667b0924dca7d7f2a8?s=96&d=mm&r=g\",\"contentUrl\":\"https:\\\/\\\/secure.gravatar.com\\\/avatar\\\/003c61453d4d1a4e2c681a3ef0a111d490b9310432dc8c667b0924dca7d7f2a8?s=96&d=mm&r=g\",\"caption\":\"Votre ch\u00e2teau de famille\"}}]}<\/script>\n<!-- \/ Yoast SEO Premium plugin. -->","yoast_head_json":{"title":"La vie de ch\u00e2teau, c'est bon pour le climat - Votre Chateau de Famille","description":"Que diriez-vous de mener la vie de ch\u00e2teau ? Disons comme un roi: des ch\u00e2teaux un peu partout en France pour faire la f\u00eate, ou simplement se retrouver nombreux en famille ou entre amis. D\u2019abord ici, puis l\u00e0, ou revenir dans votre pr\u00e9f\u00e9r\u00e9. Des ch\u00e2teaux qui ne vous co\u00fbtent pas d\u2019entretien du 1er janvier au 31 d\u00e9cembre, mais seulement quand vous les utilisez. Une sorte de r\u00e9seau de r\u00e9sidences secondaires, partag\u00e9es, comme les co\u00fbts. De quoi passer un week-end, des vacances en famille ou entre amis, paisibles ou anim\u00e9es, introduits par les ch\u00e2telains dans leur territoire et ses douceurs, ses merveilles et ses ressources.","robots":{"index":"index","follow":"follow","max-snippet":"max-snippet:-1","max-image-preview":"max-image-preview:large","max-video-preview":"max-video-preview:-1"},"canonical":"https:\/\/www.votre-chateau-de-famille.com\/en\/2020\/01\/13\/la-vie-de-chateau-cest-bon-pour-le-climat\/","og_locale":"en_US","og_type":"article","og_title":"La vie de ch\u00e2teau, c'est bon pour le climat","og_description":"Que diriez-vous de mener la vie de ch\u00e2teau ? Disons comme un roi: des ch\u00e2teaux un peu partout en France pour faire la f\u00eate, ou simplement se retrouver nombreux en famille ou entre amis. D\u2019abord ici, puis l\u00e0, ou revenir dans votre pr\u00e9f\u00e9r\u00e9. Des ch\u00e2teaux qui ne vous co\u00fbtent pas d\u2019entretien du 1er janvier au 31 d\u00e9cembre, mais seulement quand vous les utilisez. Une sorte de r\u00e9seau de r\u00e9sidences secondaires, partag\u00e9es, comme les co\u00fbts. De quoi passer un week-end, des vacances en famille ou entre amis, paisibles ou anim\u00e9es, introduits par les ch\u00e2telains dans leur territoire et ses douceurs, ses merveilles et ses ressources.","og_url":"https:\/\/www.votre-chateau-de-famille.com\/en\/2020\/01\/13\/la-vie-de-chateau-cest-bon-pour-le-climat\/","og_site_name":"Votre Chateau de Famille","article_publisher":"https:\/\/www.facebook.com\/votrechateaudefamille\/","article_published_time":"2020-01-12T23:08:32+00:00","article_modified_time":"2026-09-01T09:36:55+00:00","og_image":[{"width":1080,"height":1080,"url":"https:\/\/www.votre-chateau-de-famille.com\/wp-content\/uploads\/2019\/12\/IMG_9218.jpg","type":"image\/jpeg"}],"author":"Votre ch\u00e2teau de famille","twitter_card":"summary_large_image","twitter_misc":{"Written by":"Votre ch\u00e2teau de famille","Est. reading time":"3 minutes"},"schema":{"@context":"https:\/\/schema.org","@graph":[{"@type":"Article","@id":"https:\/\/www.votre-chateau-de-famille.com\/en\/2020\/01\/13\/la-vie-de-chateau-cest-bon-pour-le-climat\/#article","isPartOf":{"@id":"https:\/\/www.votre-chateau-de-famille.com\/en\/2020\/01\/13\/la-vie-de-chateau-cest-bon-pour-le-climat\/"},"author":{"name":"Votre ch\u00e2teau de famille","@id":"https:\/\/www.votre-chateau-de-famille.com\/en\/#\/schema\/person\/3275000062c75f85bfcc5646604bcc49"},"headline":"La vie de ch\u00e2teau, c&#8217;est bon pour le climat","datePublished":"2020-01-12T23:08:32+00:00","dateModified":"2026-09-01T09:36:55+00:00","mainEntityOfPage":{"@id":"https:\/\/www.votre-chateau-de-famille.com\/en\/2020\/01\/13\/la-vie-de-chateau-cest-bon-pour-le-climat\/"},"wordCount":544,"publisher":{"@id":"https:\/\/www.votre-chateau-de-famille.com\/en\/#organization"},"image":{"@id":"https:\/\/www.votre-chateau-de-famille.com\/en\/2020\/01\/13\/la-vie-de-chateau-cest-bon-pour-le-climat\/#primaryimage"},"thumbnailUrl":"https:\/\/www.votre-chateau-de-famille.com\/wp-content\/uploads\/2019\/12\/IMG_9218.jpg","articleSection":["Exp\u00e9riences","Vacances"],"inLanguage":"en-US"},{"@type":"WebPage","@id":"https:\/\/www.votre-chateau-de-famille.com\/en\/2020\/01\/13\/la-vie-de-chateau-cest-bon-pour-le-climat\/","url":"https:\/\/www.votre-chateau-de-famille.com\/en\/2020\/01\/13\/la-vie-de-chateau-cest-bon-pour-le-climat\/","name":"La vie de ch\u00e2teau, c'est bon pour le climat - Votre Chateau de Famille","isPartOf":{"@id":"https:\/\/www.votre-chateau-de-famille.com\/en\/#website"},"primaryImageOfPage":{"@id":"https:\/\/www.votre-chateau-de-famille.com\/en\/2020\/01\/13\/la-vie-de-chateau-cest-bon-pour-le-climat\/#primaryimage"},"image":{"@id":"https:\/\/www.votre-chateau-de-famille.com\/en\/2020\/01\/13\/la-vie-de-chateau-cest-bon-pour-le-climat\/#primaryimage"},"thumbnailUrl":"https:\/\/www.votre-chateau-de-famille.com\/wp-content\/uploads\/2019\/12\/IMG_9218.jpg","datePublished":"2020-01-12T23:08:32+00:00","dateModified":"2026-09-01T09:36:55+00:00","description":"Que diriez-vous de mener la vie de ch\u00e2teau ? Disons comme un roi: des ch\u00e2teaux un peu partout en France pour faire la f\u00eate, ou simplement se retrouver nombreux en famille ou entre amis. D\u2019abord ici, puis l\u00e0, ou revenir dans votre pr\u00e9f\u00e9r\u00e9. Des ch\u00e2teaux qui ne vous co\u00fbtent pas d\u2019entretien du 1er janvier au 31 d\u00e9cembre, mais seulement quand vous les utilisez. Une sorte de r\u00e9seau de r\u00e9sidences secondaires, partag\u00e9es, comme les co\u00fbts. De quoi passer un week-end, des vacances en famille ou entre amis, paisibles ou anim\u00e9es, introduits par les ch\u00e2telains dans leur territoire et ses douceurs, ses merveilles et ses ressources.","breadcrumb":{"@id":"https:\/\/www.votre-chateau-de-famille.com\/en\/2020\/01\/13\/la-vie-de-chateau-cest-bon-pour-le-climat\/#breadcrumb"},"inLanguage":"en-US","potentialAction":[{"@type":"ReadAction","target":["https:\/\/www.votre-chateau-de-famille.com\/en\/2020\/01\/13\/la-vie-de-chateau-cest-bon-pour-le-climat\/"]}]},{"@type":"ImageObject","inLanguage":"en-US","@id":"https:\/\/www.votre-chateau-de-famille.com\/en\/2020\/01\/13\/la-vie-de-chateau-cest-bon-pour-le-climat\/#primaryimage","url":"https:\/\/www.votre-chateau-de-famille.com\/wp-content\/uploads\/2019\/12\/IMG_9218.jpg","contentUrl":"https:\/\/www.votre-chateau-de-famille.com\/wp-content\/uploads\/2019\/12\/IMG_9218.jpg","width":1080,"height":1080,"caption":"Beauty"},{"@type":"BreadcrumbList","@id":"https:\/\/www.votre-chateau-de-famille.com\/en\/2020\/01\/13\/la-vie-de-chateau-cest-bon-pour-le-climat\/#breadcrumb","itemListElement":[{"@type":"ListItem","position":1,"name":"Accueil","item":"https:\/\/www.votre-chateau-de-famille.com\/en\/"},{"@type":"ListItem","position":2,"name":"La vie de ch\u00e2teau, c&rsquo;est bon pour le climat"}]},{"@type":"WebSite","@id":"https:\/\/www.votre-chateau-de-famille.com\/en\/#website","url":"https:\/\/www.votre-chateau-de-famille.com\/en\/","name":"Votre Chateau de Famille","description":"Location de ch\u00e2teaux, domaines et manoirs habit\u00e9s en France, pour vos mariages, vacances, week-ends et s\u00e9minaires d\u2019entreprise","publisher":{"@id":"https:\/\/www.votre-chateau-de-famille.com\/en\/#organization"},"potentialAction":[{"@type":"SearchAction","target":{"@type":"EntryPoint","urlTemplate":"https:\/\/www.votre-chateau-de-famille.com\/en\/?s={search_term_string}"},"query-input":{"@type":"PropertyValueSpecification","valueRequired":true,"valueName":"search_term_string"}}],"inLanguage":"en-US"},{"@type":"Organization","@id":"https:\/\/www.votre-chateau-de-famille.com\/en\/#organization","name":"Votre Ch\u00e2teau de Famille","url":"https:\/\/www.votre-chateau-de-famille.com\/en\/","logo":{"@type":"ImageObject","inLanguage":"en-US","@id":"https:\/\/www.votre-chateau-de-famille.com\/en\/#\/schema\/logo\/image\/","url":"https:\/\/www.votre-chateau-de-famille.com\/wp-content\/uploads\/2026\/08\/VCF-2000-x-2000-Black.png","contentUrl":"https:\/\/www.votre-chateau-de-famille.com\/wp-content\/uploads\/2026\/08\/VCF-2000-x-2000-Black.png","width":2000,"height":2000,"caption":"Votre Ch\u00e2teau de Famille"},"image":{"@id":"https:\/\/www.votre-chateau-de-famille.com\/en\/#\/schema\/logo\/image\/"},"sameAs":["https:\/\/www.facebook.com\/votrechateaudefamille\/","https:\/\/www.instagram.com\/votrechateaudefamille\/","https:\/\/www.linkedin.com\/company\/votre-chateau-de-famille\/"],"email":"contact@votre-chateau-de-famille.com","legalName":"Votre Ch\u00e2teau de Famille","numberOfEmployees":{"@type":"QuantitativeValue","minValue":"1","maxValue":"10"},"publishingPrinciples":"https:\/\/www.votre-chateau-de-famille.com\/qui-sommes-nous\/","ownershipFundingInfo":"https:\/\/www.votre-chateau-de-famille.com\/qui-sommes-nous\/","actionableFeedbackPolicy":"https:\/\/www.votre-chateau-de-famille.com\/conditions-generales-dutilisation\/","correctionsPolicy":"https:\/\/www.votre-chateau-de-famille.com\/conditions-generales-dutilisation\/","ethicsPolicy":"https:\/\/www.votre-chateau-de-famille.com\/charte-de-non-discrimination\/","diversityPolicy":"https:\/\/www.votre-chateau-de-famille.com\/charte-de-non-discrimination\/"},{"@type":"Person","@id":"https:\/\/www.votre-chateau-de-famille.com\/en\/#\/schema\/person\/3275000062c75f85bfcc5646604bcc49","name":"Votre ch\u00e2teau de famille","image":{"@type":"ImageObject","inLanguage":"en-US","@id":"https:\/\/secure.gravatar.com\/avatar\/003c61453d4d1a4e2c681a3ef0a111d490b9310432dc8c667b0924dca7d7f2a8?s=96&d=mm&r=g","url":"https:\/\/secure.gravatar.com\/avatar\/003c61453d4d1a4e2c681a3ef0a111d490b9310432dc8c667b0924dca7d7f2a8?s=96&d=mm&r=g","contentUrl":"https:\/\/secure.gravatar.com\/avatar\/003c61453d4d1a4e2c681a3ef0a111d490b9310432dc8c667b0924dca7d7f2a8?s=96&d=mm&r=g","caption":"Votre ch\u00e2teau de famille"}}]}},"_links":{"self":[{"href":"https:\/\/www.votre-chateau-de-famille.com\/en\/wp-json\/wp\/v2\/posts\/10720","targetHints":{"allow":["GET"]}}],"collection":[{"href":"https:\/\/www.votre-chateau-de-famille.com\/en\/wp-json\/wp\/v2\/posts"}],"about":[{"href":"https:\/\/www.votre-chateau-de-famille.com\/en\/wp-json\/wp\/v2\/types\/post"}],"author":[{"embeddable":true,"href":"https:\/\/www.votre-chateau-de-famille.com\/en\/wp-json\/wp\/v2\/users\/1"}],"replies":[{"embeddable":true,"href":"https:\/\/www.votre-chateau-de-famille.com\/en\/wp-json\/wp\/v2\/comments?post=10720"}],"version-history":[{"count":0,"href":"https:\/\/www.votre-chateau-de-famille.com\/en\/wp-json\/wp\/v2\/posts\/10720\/revisions"}],"wp:featuredmedia":[{"embeddable":true,"href":"https:\/\/www.votre-chateau-de-famille.com\/en\/wp-json\/wp\/v2\/media\/10465"}],"wp:attachment":[{"href":"https:\/\/www.votre-chateau-de-famille.com\/en\/wp-json\/wp\/v2\/media?parent=10720"}],"wp:term":[{"taxonomy":"category","embeddable":true,"href":"https:\/\/www.votre-chateau-de-famille.com\/en\/wp-json\/wp\/v2\/categories?post=10720"},{"taxonomy":"post_tag","embeddable":true,"href":"https:\/\/www.votre-chateau-de-famille.com\/en\/wp-json\/wp\/v2\/tags?post=10720"},{"taxonomy":"dipi_cpt_category","embeddable":true,"href":"https:\/\/www.votre-chateau-de-famille.com\/en\/wp-json\/wp\/v2\/dipi_cpt_category?post=10720"}],"curies":[{"name":"wp","href":"https:\/\/api.w.org\/{rel}","templated":true}]}}